{"id":122371,"date":"2023-09-16T11:59:45","date_gmt":"2023-09-16T14:59:45","guid":{"rendered":"https:\/\/eldiariodesanpedro.com.ar\/sitio\/?p=122371"},"modified":"2023-09-16T11:59:47","modified_gmt":"2023-09-16T14:59:47","slug":"tras-una-pelea-vecinal-agredio-a-la-policia-con-una-faca-casera","status":"publish","type":"post","link":"https:\/\/eldiariodesanpedro.com.ar\/sitio\/tras-una-pelea-vecinal-agredio-a-la-policia-con-una-faca-casera\/","title":{"rendered":"Tras una pelea vecinal, agredi\u00f3 a la polic\u00eda con una \u00abfaca\u00bb casera"},"content":{"rendered":"<!-- VideographyWP Plugin Message: Automatic video embedding prevented by plugin options. -->\n\n<p>Un conflicto vecinal en Liniers y Manuel Iglesias demand\u00f3 la intervenci\u00f3n de la polic\u00eda, en horas de la noche del jueves.&nbsp;<\/p>\n\n\n\n<p><ins><\/ins>Durante el incidente, fue identificado un hombre de 39 a\u00f1os que ten\u00eda en su poder un arma punzante de fabricaci\u00f3n casera.&nbsp;<\/p>\n\n\n\n<p>Con la \u00abfaca\u00bb intent\u00f3 agredir al personal de la Comisar\u00eda local que participaba del operativo, no acatando las \u00f3rdenes impartidas para desistir de su actitud.&nbsp;<\/p>\n\n\n\n<p>Una vez aprehendido, fue conducido a la dependencia, en donde qued\u00f3 a disposici\u00f3n de la UFI 11, a cargo de la Dra. Viviana Ramos, imputado en el marco de una causa caratulada como \u00abResistencia a la autoridad\u00bb.&nbsp;<\/p>\n","protected":false},"excerpt":{"rendered":"<p>Un conflicto vecinal en Liniers y Manuel Iglesias demand\u00f3 la intervenci\u00f3n de la polic\u00eda, en horas de la noche del jueves.&nbsp; Durante el incidente, fue identificado un hombre de 39 a\u00f1os que ten\u00eda en su poder un arma punzante de fabricaci\u00f3n casera.&nbsp; Con la \u00abfaca\u00bb intent\u00f3 agredir al personal de la Comisar\u00eda local que participaba [&hellip;]<\/p>\n","protected":false},"author":4,"featured_media":122372,"comment_status":"closed","ping_status":"closed","sticky":false,"template":"","format":"standard","meta":{"om_disable_all_campaigns":false,"_jetpack_memberships_contains_paid_content":false,"footnotes":""},"categories":[2,103],"tags":[197,696,33,19],"class_list":["post-122371","post","type-post","status-publish","format-standard","has-post-thumbnail","hentry","category-locales","category-policiales-locales","tag-buenos-aires","tag-interes-general","tag-locales","tag-san-pedro"],"aioseo_notices":[],"gutentor_comment":0,"jetpack_featured_media_url":"https:\/\/eldiariodesanpedro.com.ar\/sitio\/wp-content\/uploads\/2023\/09\/Punzon-ataque-a-policia.jpg","jetpack_shortlink":"https:\/\/wp.me\/p6RhLt-vPJ","jetpack_sharing_enabled":true,"_links":{"self":[{"href":"https:\/\/eldiariodesanpedro.com.ar\/sitio\/wp-json\/wp\/v2\/posts\/122371","targetHints":{"allow":["GET"]}}],"collection":[{"href":"https:\/\/eldiariodesanpedro.com.ar\/sitio\/wp-json\/wp\/v2\/posts"}],"about":[{"href":"https:\/\/eldiariodesanpedro.com.ar\/sitio\/wp-json\/wp\/v2\/types\/post"}],"author":[{"embeddable":true,"href":"https:\/\/eldiariodesanpedro.com.ar\/sitio\/wp-json\/wp\/v2\/users\/4"}],"replies":[{"embeddable":true,"href":"https:\/\/eldiariodesanpedro.com.ar\/sitio\/wp-json\/wp\/v2\/comments?post=122371"}],"version-history":[{"count":1,"href":"https:\/\/eldiariodesanpedro.com.ar\/sitio\/wp-json\/wp\/v2\/posts\/122371\/revisions"}],"predecessor-version":[{"id":122373,"href":"https:\/\/eldiariodesanpedro.com.ar\/sitio\/wp-json\/wp\/v2\/posts\/122371\/revisions\/122373"}],"wp:featuredmedia":[{"embeddable":true,"href":"https:\/\/eldiariodesanpedro.com.ar\/sitio\/wp-json\/wp\/v2\/media\/122372"}],"wp:attachment":[{"href":"https:\/\/eldiariodesanpedro.com.ar\/sitio\/wp-json\/wp\/v2\/media?parent=122371"}],"wp:term":[{"taxonomy":"category","embeddable":true,"href":"https:\/\/eldiariodesanpedro.com.ar\/sitio\/wp-json\/wp\/v2\/categories?post=122371"},{"taxonomy":"post_tag","embeddable":true,"href":"https:\/\/eldiariodesanpedro.com.ar\/sitio\/wp-json\/wp\/v2\/tags?post=122371"}],"curies":[{"name":"wp","href":"https:\/\/api.w.org\/{rel}","templated":true}]}}