{"id":122369,"date":"2023-09-16T11:56:04","date_gmt":"2023-09-16T14:56:04","guid":{"rendered":"https:\/\/eldiariodesanpedro.com.ar\/sitio\/?p=122369"},"modified":"2023-09-16T11:56:06","modified_gmt":"2023-09-16T14:56:06","slug":"luz-y-fuerza-entrego-al-municipio-el-predio-de-mansa-lyfe","status":"publish","type":"post","link":"https:\/\/eldiariodesanpedro.com.ar\/sitio\/luz-y-fuerza-entrego-al-municipio-el-predio-de-mansa-lyfe\/","title":{"rendered":"Luz y Fuerza entreg\u00f3 al Municipio el predio de Mansa Lyfe"},"content":{"rendered":"<!-- VideographyWP Plugin Message: Automatic video embedding prevented by plugin options. -->\n\n<p>La Federaci\u00f3n de Luz y Fuerza entreg\u00f3 esta semana al Municipio el predio costero en donde funcion\u00f3 hasta hace pocos meses el complejo Mansa Lyfe.&nbsp;<\/p>\n\n\n\n<p>El vencimiento del plazo de concesi\u00f3n, el 22 de Junio y despu\u00e9s de 30 a\u00f1os, determin\u00f3 el inicio de negociaciones para una extensi\u00f3n o devoluci\u00f3n del espacio p\u00fablico, lo que finalmente termin\u00f3 sucediendo.&nbsp;<\/p>\n\n\n\n<p>Los terrenos comprenden desde el Paseo P\u00fablico II hasta la entrada principal, en la bajada de la calle R\u00f3mulo Naon, en donde se ubica el restaurante. Desde ese lugar hacia el sur pertenece a la provincia de Buenos Aires, y tambi\u00e9n el contrato firmado con el Consorcio de Gesti\u00f3n est\u00e1 vencido.&nbsp;<\/p>\n\n\n\n<p><ins><\/ins>El Intendente Cecilio Salazar confirm\u00f3 a Noticias San Pedro que \u00abpor el momento\u00bb el predio ser\u00e1 administrado por la Municipalidad. Los detalles se conocer\u00e1n en los pr\u00f3ximos d\u00edas, incluyendo qui\u00e9nes trabajar\u00e1n en ese sector y si se habilitar\u00e1n las caba\u00f1as que hasta hace poco estaban concesionadas a un empresario privado de nuestra ciudad.&nbsp;<\/p>\n\n\n\n<p>Lo cierto es que, con la recuperaci\u00f3n de la playa Mansa y la transformaci\u00f3n del Paseo P\u00fablico II en un parque saludable, ese sector de la costa tendr\u00e1 una marcada puesta en valor en los pr\u00f3ximos meses.<\/p>\n","protected":false},"excerpt":{"rendered":"<p>La Federaci\u00f3n de Luz y Fuerza entreg\u00f3 esta semana al Municipio el predio costero en donde funcion\u00f3 hasta hace pocos meses el complejo Mansa Lyfe.&nbsp; El vencimiento del plazo de concesi\u00f3n, el 22 de Junio y despu\u00e9s de 30 a\u00f1os, determin\u00f3 el inicio de negociaciones para una extensi\u00f3n o devoluci\u00f3n del espacio p\u00fablico, lo que [&hellip;]<\/p>\n","protected":false},"author":4,"featured_media":14470,"comment_status":"closed","ping_status":"closed","sticky":false,"template":"","format":"standard","meta":{"om_disable_all_campaigns":false,"_jetpack_memberships_contains_paid_content":false,"footnotes":""},"categories":[2],"tags":[197,696,33,19],"class_list":["post-122369","post","type-post","status-publish","format-standard","has-post-thumbnail","hentry","category-locales","tag-buenos-aires","tag-interes-general","tag-locales","tag-san-pedro"],"aioseo_notices":[],"gutentor_comment":0,"jetpack_featured_media_url":"https:\/\/eldiariodesanpedro.com.ar\/sitio\/wp-content\/uploads\/2017\/02\/mansalyfe1.jpg","jetpack_shortlink":"https:\/\/wp.me\/p6RhLt-vPH","jetpack_sharing_enabled":true,"_links":{"self":[{"href":"https:\/\/eldiariodesanpedro.com.ar\/sitio\/wp-json\/wp\/v2\/posts\/122369","targetHints":{"allow":["GET"]}}],"collection":[{"href":"https:\/\/eldiariodesanpedro.com.ar\/sitio\/wp-json\/wp\/v2\/posts"}],"about":[{"href":"https:\/\/eldiariodesanpedro.com.ar\/sitio\/wp-json\/wp\/v2\/types\/post"}],"author":[{"embeddable":true,"href":"https:\/\/eldiariodesanpedro.com.ar\/sitio\/wp-json\/wp\/v2\/users\/4"}],"replies":[{"embeddable":true,"href":"https:\/\/eldiariodesanpedro.com.ar\/sitio\/wp-json\/wp\/v2\/comments?post=122369"}],"version-history":[{"count":1,"href":"https:\/\/eldiariodesanpedro.com.ar\/sitio\/wp-json\/wp\/v2\/posts\/122369\/revisions"}],"predecessor-version":[{"id":122370,"href":"https:\/\/eldiariodesanpedro.com.ar\/sitio\/wp-json\/wp\/v2\/posts\/122369\/revisions\/122370"}],"wp:featuredmedia":[{"embeddable":true,"href":"https:\/\/eldiariodesanpedro.com.ar\/sitio\/wp-json\/wp\/v2\/media\/14470"}],"wp:attachment":[{"href":"https:\/\/eldiariodesanpedro.com.ar\/sitio\/wp-json\/wp\/v2\/media?parent=122369"}],"wp:term":[{"taxonomy":"category","embeddable":true,"href":"https:\/\/eldiariodesanpedro.com.ar\/sitio\/wp-json\/wp\/v2\/categories?post=122369"},{"taxonomy":"post_tag","embeddable":true,"href":"https:\/\/eldiariodesanpedro.com.ar\/sitio\/wp-json\/wp\/v2\/tags?post=122369"}],"curies":[{"name":"wp","href":"https:\/\/api.w.org\/{rel}","templated":true}]}}