{"id":122367,"date":"2023-09-16T11:50:47","date_gmt":"2023-09-16T14:50:47","guid":{"rendered":"https:\/\/eldiariodesanpedro.com.ar\/sitio\/?p=122367"},"modified":"2023-09-16T11:50:49","modified_gmt":"2023-09-16T14:50:49","slug":"nuevas-acciones-en-respuesta-a-los-incendios-en-zona-de-islas","status":"publish","type":"post","link":"https:\/\/eldiariodesanpedro.com.ar\/sitio\/nuevas-acciones-en-respuesta-a-los-incendios-en-zona-de-islas\/","title":{"rendered":"Nuevas acciones en respuesta a los incendios en zona de Islas"},"content":{"rendered":"<!-- VideographyWP Plugin Message: Automatic video embedding prevented by plugin options. -->\n\n<p>La Municipalidad de San Pedro, a trav\u00e9s de la Direcci\u00f3n de Defensa Civil, informa sobre las acciones en curso en respuesta a los recientes incendios que han afectado la zona de islas del Delta bajo la jurisdicci\u00f3n de la Provincia de Entre R\u00edos.<\/p>\n\n\n\n<p>Ante la situaci\u00f3n de incendios en zona de islas frente a nuestra ciudad y la vecina Baradero, la Direcci\u00f3n Provincial de Defensa Civil de Entre R\u00edos, junto a la Brigada Medioambiental de la Provincia de Entre R\u00edos, con la apoyatura de los medios a\u00e9reos del Plan Nacional de Manejo del Fuego, han resuelto desplazar a nuestra ciudad a un equipo de 14 brigadistas en el d\u00eda de hoy, con la finalidad de establecer un comando operativo desde el Aeroclub local.<\/p>\n\n\n\n<p>Las actividades comenzar\u00e1n a partir del s\u00e1bado, jornada en la que se sumar\u00e1n un helic\u00f3ptero y un avi\u00f3n. El operativo contar\u00e1n con el apoyo log\u00edstico de la Municipalidad de San Pedro para colaborar con las operaciones de respuesta que requiera el Jefe del operativo como dispuso el Intendente Cecilio Salazar en anteriores&nbsp;oportunidades.<\/p>\n","protected":false},"excerpt":{"rendered":"<p>La Municipalidad de San Pedro, a trav\u00e9s de la Direcci\u00f3n de Defensa Civil, informa sobre las acciones en curso en respuesta a los recientes incendios que han afectado la zona de islas del Delta bajo la jurisdicci\u00f3n de la Provincia de Entre R\u00edos. Ante la situaci\u00f3n de incendios en zona de islas frente a nuestra [&hellip;]<\/p>\n","protected":false},"author":4,"featured_media":98370,"comment_status":"closed","ping_status":"closed","sticky":false,"template":"","format":"standard","meta":{"om_disable_all_campaigns":false,"_jetpack_memberships_contains_paid_content":false,"footnotes":""},"categories":[50,101,2],"tags":[],"class_list":["post-122367","post","type-post","status-publish","format-standard","has-post-thumbnail","hentry","category-destacadas","category-interes-general-locales","category-locales"],"aioseo_notices":[],"gutentor_comment":0,"jetpack_featured_media_url":"https:\/\/eldiariodesanpedro.com.ar\/sitio\/wp-content\/uploads\/2021\/09\/incendios-san-nicolasjpg.jpg","jetpack_shortlink":"https:\/\/wp.me\/p6RhLt-vPF","jetpack_sharing_enabled":true,"_links":{"self":[{"href":"https:\/\/eldiariodesanpedro.com.ar\/sitio\/wp-json\/wp\/v2\/posts\/122367","targetHints":{"allow":["GET"]}}],"collection":[{"href":"https:\/\/eldiariodesanpedro.com.ar\/sitio\/wp-json\/wp\/v2\/posts"}],"about":[{"href":"https:\/\/eldiariodesanpedro.com.ar\/sitio\/wp-json\/wp\/v2\/types\/post"}],"author":[{"embeddable":true,"href":"https:\/\/eldiariodesanpedro.com.ar\/sitio\/wp-json\/wp\/v2\/users\/4"}],"replies":[{"embeddable":true,"href":"https:\/\/eldiariodesanpedro.com.ar\/sitio\/wp-json\/wp\/v2\/comments?post=122367"}],"version-history":[{"count":1,"href":"https:\/\/eldiariodesanpedro.com.ar\/sitio\/wp-json\/wp\/v2\/posts\/122367\/revisions"}],"predecessor-version":[{"id":122368,"href":"https:\/\/eldiariodesanpedro.com.ar\/sitio\/wp-json\/wp\/v2\/posts\/122367\/revisions\/122368"}],"wp:featuredmedia":[{"embeddable":true,"href":"https:\/\/eldiariodesanpedro.com.ar\/sitio\/wp-json\/wp\/v2\/media\/98370"}],"wp:attachment":[{"href":"https:\/\/eldiariodesanpedro.com.ar\/sitio\/wp-json\/wp\/v2\/media?parent=122367"}],"wp:term":[{"taxonomy":"category","embeddable":true,"href":"https:\/\/eldiariodesanpedro.com.ar\/sitio\/wp-json\/wp\/v2\/categories?post=122367"},{"taxonomy":"post_tag","embeddable":true,"href":"https:\/\/eldiariodesanpedro.com.ar\/sitio\/wp-json\/wp\/v2\/tags?post=122367"}],"curies":[{"name":"wp","href":"https:\/\/api.w.org\/{rel}","templated":true}]}}