{"id":122357,"date":"2023-09-16T11:44:41","date_gmt":"2023-09-16T14:44:41","guid":{"rendered":"https:\/\/eldiariodesanpedro.com.ar\/sitio\/?p=122357"},"modified":"2023-09-16T11:44:43","modified_gmt":"2023-09-16T14:44:43","slug":"recorrida-por-la-obra-de-la-nueva-balanza-fiscal-y-entrega-de-elementos-del-sistema-vuce","status":"publish","type":"post","link":"https:\/\/eldiariodesanpedro.com.ar\/sitio\/recorrida-por-la-obra-de-la-nueva-balanza-fiscal-y-entrega-de-elementos-del-sistema-vuce\/","title":{"rendered":"Recorrida por la obra de la nueva balanza fiscal y entrega de elementos del sistema VUCE"},"content":{"rendered":"<!-- VideographyWP Plugin Message: Automatic video embedding prevented by plugin options. -->\n\n<p>Este viernes 15 de septiembre, d\u00e1ndole continuidad al convenio firmado hace algunos meses, visitaron el Puerto de San Pedro para realizar una recorrida y participar de un encuentro, el Subsecretario de Actividades Portuarias, Juan Cruz Lucero y el director de la Ventanilla \u00danica de Comercio Exterior (VUCE) Rodrigo Pu\u00e9rtolas, quienes fueron recibidos por el Intendente Cecilio Salazar y el Presidente del Consorcio, Eliseo Almada.<\/p>\n\n\n\n<p>En la primera parte de la agenda, visitaron la obra de instalaci\u00f3n de la balanza fiscal con la que contar\u00e1 en breve el Puerto de San Pedro, que le permitir\u00e1 incorporar ese servicio como parte de su infraestructura, por primera vez en su historia.<\/p>\n\n\n\n<p>Posteriormente en el Club de Pescadores y N\u00e1utica de San Pedro realizaron la entrega de un lote de notebooks que ser\u00e1n utilizadas en cada una de las posiciones de trabajo dentro del Puerto que opere a trav\u00e9s del sistema VUCE, que es llevado adelante por la Provincia y la Naci\u00f3n para simplificar, estandarizar, transparentar, agilizar procesos y aumentar los niveles previsibilidad en la operatoria y mejorar los niveles de eficiencia en el comercio exterior.<\/p>\n\n\n\n<p>Ante representantes de todos los sectores relacionados con la actividad portuaria, trabajadores y trabajadoras, directores del Consorcio, funcionarios del gobierno municipal, dirigentes sindicales, empresarios, representantes de Aduana, SENASA y Migraciones entre otros, el presidente del Consorcio agradeci\u00f3 este nuevo paso dado en direcci\u00f3n hacia un puerto m\u00e1s moderno, trabajando en conjunto con los gobiernos de Naci\u00f3n y Provincia.<\/p>\n\n\n\n<p>A partir de la activaci\u00f3n de esta balanza fiscal que se concretar\u00e1 en los pr\u00f3ximos d\u00edas, el Puerto contar\u00e1 con una nueva Unidad de Negocio que har\u00e1 m\u00e1s simple la log\u00edstica de todas las empresas que deseen operar, contando con el respaldo de los organismos de control que tienen sus bases operativas tambi\u00e9n dentro de las instalaciones portuarias.<\/p>\n\n\n\n<p>El director de VUCE, Rodrigo Pu\u00e9rtolas con quien el Presidente del Consorcio suscribi\u00f3 el acta de la nueva entrega de materiales, celebr\u00f3 a esta segunda entrega de equipamiento y la continuidad del programa de modernizaci\u00f3n que se est\u00e1 consolidando como una herramienta estrat\u00e9gica en todos los puertos.<\/p>\n\n\n\n<p>Juan Cruz Lucero, subsecretario de Puertos reiter\u00f3 la gran importancia que tiene el Puerto de San Pedro en el desarrollo de nuevos proyectos y el trabajo permanente que se realiza para darle mayor infraestructura, siempre en contacto permanente con las autoridades del Consorcio y con el Intendente Cecilio Salazar.<\/p>\n\n\n\n<p>El Intendente hizo un fuerte llamado a todos los trabajadores y a los dirigentes a respaldar cada una de las iniciativas que tiene por objetivo mejorar nuestro puerto, con pol\u00edticas de Estado que cuiden el empleo y garanticen estas obras que ante la coyuntura electoral que se plantea, podr\u00edan paralizarse o cancelarse.<\/p>\n\n\n\n<p>Felicit\u00f3 la tarea del Presidente del Consorcio y de todo el equipo, agradeci\u00f3 a los funcionarios presentes y adelant\u00f3 que se ha comenzado a trabajar con gran respaldo del Ministro Sergio Massa para retomar y redefinir la obra de reconstrucci\u00f3n del muelle con un proyecto alternativo que est\u00e1 a punto de ser anunciado y que representar\u00e1 una obra trascendental para el Puerto.<\/p>\n\n\n\n<p>El encuentro se cerr\u00f3 con la entrega de las notebooks a los trabajadores que las utilizar\u00e1n en cada uno de los sectores operativos del Puerto\u00a0de\u00a0San\u00a0Pedro.<\/p>\n\n\n\n<figure class=\"wp-block-image size-full\"><img decoding=\"async\" width=\"946\" height=\"630\" data-attachment-id=\"122360\" data-permalink=\"https:\/\/eldiariodesanpedro.com.ar\/sitio\/recorrida-por-la-obra-de-la-nueva-balanza-fiscal-y-entrega-de-elementos-del-sistema-vuce\/imagen-de-whatsapp-2023-09-15-a-las-16-17-47\/\" data-orig-file=\"https:\/\/eldiariodesanpedro.com.ar\/sitio\/wp-content\/uploads\/2023\/09\/Imagen-de-WhatsApp-2023-09-15-a-las-16.17.47.jpg\" data-orig-size=\"946,630\" data-comments-opened=\"0\" data-image-meta=\"{&quot;aperture&quot;:&quot;0&quot;,&quot;credit&quot;:&quot;&quot;,&quot;camera&quot;:&quot;&quot;,&quot;caption&quot;:&quot;&quot;,&quot;created_timestamp&quot;:&quot;0&quot;,&quot;copyright&quot;:&quot;&quot;,&quot;focal_length&quot;:&quot;0&quot;,&quot;iso&quot;:&quot;0&quot;,&quot;shutter_speed&quot;:&quot;0&quot;,&quot;title&quot;:&quot;&quot;,&quot;orientation&quot;:&quot;0&quot;}\" data-image-title=\"Imagen de WhatsApp 2023-09-15 a las 16.17.47\" data-image-description=\"\" data-image-caption=\"\" data-large-file=\"https:\/\/eldiariodesanpedro.com.ar\/sitio\/wp-content\/uploads\/2023\/09\/Imagen-de-WhatsApp-2023-09-15-a-las-16.17.47.jpg\" data-src=\"https:\/\/eldiariodesanpedro.com.ar\/sitio\/wp-content\/uploads\/2023\/09\/Imagen-de-WhatsApp-2023-09-15-a-las-16.17.47.jpg\" alt=\"\" class=\"wp-image-122360 lazyload\" data-srcset=\"https:\/\/eldiariodesanpedro.com.ar\/sitio\/wp-content\/uploads\/2023\/09\/Imagen-de-WhatsApp-2023-09-15-a-las-16.17.47.jpg 946w, https:\/\/eldiariodesanpedro.com.ar\/sitio\/wp-content\/uploads\/2023\/09\/Imagen-de-WhatsApp-2023-09-15-a-las-16.17.47-300x200.jpg 300w, https:\/\/eldiariodesanpedro.com.ar\/sitio\/wp-content\/uploads\/2023\/09\/Imagen-de-WhatsApp-2023-09-15-a-las-16.17.47-768x511.jpg 768w\" data-sizes=\"(max-width: 946px) 100vw, 946px\" src=\"data:image\/svg+xml;base64,PHN2ZyB3aWR0aD0iMSIgaGVpZ2h0PSIxIiB4bWxucz0iaHR0cDovL3d3dy53My5vcmcvMjAwMC9zdmciPjwvc3ZnPg==\" style=\"--smush-placeholder-width: 946px; --smush-placeholder-aspect-ratio: 946\/630;\" \/><\/figure>\n\n\n\n<figure class=\"wp-block-image size-full\"><img decoding=\"async\" width=\"946\" height=\"630\" data-attachment-id=\"122363\" data-permalink=\"https:\/\/eldiariodesanpedro.com.ar\/sitio\/recorrida-por-la-obra-de-la-nueva-balanza-fiscal-y-entrega-de-elementos-del-sistema-vuce\/imagen-de-whatsapp-2023-09-15-a-las-16-17-52\/\" data-orig-file=\"https:\/\/eldiariodesanpedro.com.ar\/sitio\/wp-content\/uploads\/2023\/09\/Imagen-de-WhatsApp-2023-09-15-a-las-16.17.52.jpg\" data-orig-size=\"946,630\" data-comments-opened=\"0\" data-image-meta=\"{&quot;aperture&quot;:&quot;0&quot;,&quot;credit&quot;:&quot;&quot;,&quot;camera&quot;:&quot;&quot;,&quot;caption&quot;:&quot;&quot;,&quot;created_timestamp&quot;:&quot;0&quot;,&quot;copyright&quot;:&quot;&quot;,&quot;focal_length&quot;:&quot;0&quot;,&quot;iso&quot;:&quot;0&quot;,&quot;shutter_speed&quot;:&quot;0&quot;,&quot;title&quot;:&quot;&quot;,&quot;orientation&quot;:&quot;0&quot;}\" data-image-title=\"Imagen de WhatsApp 2023-09-15 a las 16.17.52\" data-image-description=\"\" data-image-caption=\"\" data-large-file=\"https:\/\/eldiariodesanpedro.com.ar\/sitio\/wp-content\/uploads\/2023\/09\/Imagen-de-WhatsApp-2023-09-15-a-las-16.17.52.jpg\" data-src=\"https:\/\/eldiariodesanpedro.com.ar\/sitio\/wp-content\/uploads\/2023\/09\/Imagen-de-WhatsApp-2023-09-15-a-las-16.17.52.jpg\" alt=\"\" class=\"wp-image-122363 lazyload\" data-srcset=\"https:\/\/eldiariodesanpedro.com.ar\/sitio\/wp-content\/uploads\/2023\/09\/Imagen-de-WhatsApp-2023-09-15-a-las-16.17.52.jpg 946w, https:\/\/eldiariodesanpedro.com.ar\/sitio\/wp-content\/uploads\/2023\/09\/Imagen-de-WhatsApp-2023-09-15-a-las-16.17.52-300x200.jpg 300w, https:\/\/eldiariodesanpedro.com.ar\/sitio\/wp-content\/uploads\/2023\/09\/Imagen-de-WhatsApp-2023-09-15-a-las-16.17.52-768x511.jpg 768w\" data-sizes=\"(max-width: 946px) 100vw, 946px\" src=\"data:image\/svg+xml;base64,PHN2ZyB3aWR0aD0iMSIgaGVpZ2h0PSIxIiB4bWxucz0iaHR0cDovL3d3dy53My5vcmcvMjAwMC9zdmciPjwvc3ZnPg==\" style=\"--smush-placeholder-width: 946px; --smush-placeholder-aspect-ratio: 946\/630;\" \/><\/figure>\n\n\n\n<figure class=\"wp-block-image size-full\"><img decoding=\"async\" width=\"962\" height=\"630\" data-attachment-id=\"122359\" data-permalink=\"https:\/\/eldiariodesanpedro.com.ar\/sitio\/recorrida-por-la-obra-de-la-nueva-balanza-fiscal-y-entrega-de-elementos-del-sistema-vuce\/imagen-de-whatsapp-2023-09-15-a-las-16-17-46\/\" data-orig-file=\"https:\/\/eldiariodesanpedro.com.ar\/sitio\/wp-content\/uploads\/2023\/09\/Imagen-de-WhatsApp-2023-09-15-a-las-16.17.46.jpg\" data-orig-size=\"962,630\" data-comments-opened=\"0\" data-image-meta=\"{&quot;aperture&quot;:&quot;0&quot;,&quot;credit&quot;:&quot;&quot;,&quot;camera&quot;:&quot;&quot;,&quot;caption&quot;:&quot;&quot;,&quot;created_timestamp&quot;:&quot;0&quot;,&quot;copyright&quot;:&quot;&quot;,&quot;focal_length&quot;:&quot;0&quot;,&quot;iso&quot;:&quot;0&quot;,&quot;shutter_speed&quot;:&quot;0&quot;,&quot;title&quot;:&quot;&quot;,&quot;orientation&quot;:&quot;0&quot;}\" data-image-title=\"Imagen de WhatsApp 2023-09-15 a las 16.17.46\" data-image-description=\"\" data-image-caption=\"\" data-large-file=\"https:\/\/eldiariodesanpedro.com.ar\/sitio\/wp-content\/uploads\/2023\/09\/Imagen-de-WhatsApp-2023-09-15-a-las-16.17.46.jpg\" data-src=\"https:\/\/eldiariodesanpedro.com.ar\/sitio\/wp-content\/uploads\/2023\/09\/Imagen-de-WhatsApp-2023-09-15-a-las-16.17.46.jpg\" alt=\"\" class=\"wp-image-122359 lazyload\" data-srcset=\"https:\/\/eldiariodesanpedro.com.ar\/sitio\/wp-content\/uploads\/2023\/09\/Imagen-de-WhatsApp-2023-09-15-a-las-16.17.46.jpg 962w, https:\/\/eldiariodesanpedro.com.ar\/sitio\/wp-content\/uploads\/2023\/09\/Imagen-de-WhatsApp-2023-09-15-a-las-16.17.46-300x196.jpg 300w, https:\/\/eldiariodesanpedro.com.ar\/sitio\/wp-content\/uploads\/2023\/09\/Imagen-de-WhatsApp-2023-09-15-a-las-16.17.46-768x503.jpg 768w\" data-sizes=\"(max-width: 962px) 100vw, 962px\" src=\"data:image\/svg+xml;base64,PHN2ZyB3aWR0aD0iMSIgaGVpZ2h0PSIxIiB4bWxucz0iaHR0cDovL3d3dy53My5vcmcvMjAwMC9zdmciPjwvc3ZnPg==\" style=\"--smush-placeholder-width: 962px; --smush-placeholder-aspect-ratio: 962\/630;\" \/><\/figure>\n\n\n\n<figure class=\"wp-block-image size-full\"><img decoding=\"async\" width=\"946\" height=\"630\" data-attachment-id=\"122365\" data-permalink=\"https:\/\/eldiariodesanpedro.com.ar\/sitio\/recorrida-por-la-obra-de-la-nueva-balanza-fiscal-y-entrega-de-elementos-del-sistema-vuce\/imagen-de-whatsapp-2023-09-15-a-las-16-17-54\/\" data-orig-file=\"https:\/\/eldiariodesanpedro.com.ar\/sitio\/wp-content\/uploads\/2023\/09\/Imagen-de-WhatsApp-2023-09-15-a-las-16.17.54.jpg\" data-orig-size=\"946,630\" data-comments-opened=\"0\" data-image-meta=\"{&quot;aperture&quot;:&quot;0&quot;,&quot;credit&quot;:&quot;&quot;,&quot;camera&quot;:&quot;&quot;,&quot;caption&quot;:&quot;&quot;,&quot;created_timestamp&quot;:&quot;0&quot;,&quot;copyright&quot;:&quot;&quot;,&quot;focal_length&quot;:&quot;0&quot;,&quot;iso&quot;:&quot;0&quot;,&quot;shutter_speed&quot;:&quot;0&quot;,&quot;title&quot;:&quot;&quot;,&quot;orientation&quot;:&quot;0&quot;}\" data-image-title=\"Imagen de WhatsApp 2023-09-15 a las 16.17.54\" data-image-description=\"\" data-image-caption=\"\" data-large-file=\"https:\/\/eldiariodesanpedro.com.ar\/sitio\/wp-content\/uploads\/2023\/09\/Imagen-de-WhatsApp-2023-09-15-a-las-16.17.54.jpg\" data-src=\"https:\/\/eldiariodesanpedro.com.ar\/sitio\/wp-content\/uploads\/2023\/09\/Imagen-de-WhatsApp-2023-09-15-a-las-16.17.54.jpg\" alt=\"\" class=\"wp-image-122365 lazyload\" data-srcset=\"https:\/\/eldiariodesanpedro.com.ar\/sitio\/wp-content\/uploads\/2023\/09\/Imagen-de-WhatsApp-2023-09-15-a-las-16.17.54.jpg 946w, https:\/\/eldiariodesanpedro.com.ar\/sitio\/wp-content\/uploads\/2023\/09\/Imagen-de-WhatsApp-2023-09-15-a-las-16.17.54-300x200.jpg 300w, https:\/\/eldiariodesanpedro.com.ar\/sitio\/wp-content\/uploads\/2023\/09\/Imagen-de-WhatsApp-2023-09-15-a-las-16.17.54-768x511.jpg 768w\" data-sizes=\"(max-width: 946px) 100vw, 946px\" src=\"data:image\/svg+xml;base64,PHN2ZyB3aWR0aD0iMSIgaGVpZ2h0PSIxIiB4bWxucz0iaHR0cDovL3d3dy53My5vcmcvMjAwMC9zdmciPjwvc3ZnPg==\" style=\"--smush-placeholder-width: 946px; --smush-placeholder-aspect-ratio: 946\/630;\" \/><\/figure>\n","protected":false},"excerpt":{"rendered":"<p>Este viernes 15 de septiembre, d\u00e1ndole continuidad al convenio firmado hace algunos meses, visitaron el Puerto de San Pedro para realizar una recorrida y participar de un encuentro, el Subsecretario de Actividades Portuarias, Juan Cruz Lucero y el director de la Ventanilla \u00danica de Comercio Exterior (VUCE) Rodrigo Pu\u00e9rtolas, quienes fueron recibidos por el Intendente [&hellip;]<\/p>\n","protected":false},"author":4,"featured_media":122358,"comment_status":"closed","ping_status":"closed","sticky":false,"template":"","format":"standard","meta":{"om_disable_all_campaigns":false,"_jetpack_memberships_contains_paid_content":false,"footnotes":""},"categories":[50,101,2],"tags":[197,696,33,19],"class_list":["post-122357","post","type-post","status-publish","format-standard","has-post-thumbnail","hentry","category-destacadas","category-interes-general-locales","category-locales","tag-buenos-aires","tag-interes-general","tag-locales","tag-san-pedro"],"aioseo_notices":[],"gutentor_comment":0,"jetpack_featured_media_url":"https:\/\/eldiariodesanpedro.com.ar\/sitio\/wp-content\/uploads\/2023\/09\/Imagen-de-WhatsApp-2023-09-15-a-las-16.17.44.jpg","jetpack_shortlink":"https:\/\/wp.me\/p6RhLt-vPv","jetpack_sharing_enabled":true,"_links":{"self":[{"href":"https:\/\/eldiariodesanpedro.com.ar\/sitio\/wp-json\/wp\/v2\/posts\/122357","targetHints":{"allow":["GET"]}}],"collection":[{"href":"https:\/\/eldiariodesanpedro.com.ar\/sitio\/wp-json\/wp\/v2\/posts"}],"about":[{"href":"https:\/\/eldiariodesanpedro.com.ar\/sitio\/wp-json\/wp\/v2\/types\/post"}],"author":[{"embeddable":true,"href":"https:\/\/eldiariodesanpedro.com.ar\/sitio\/wp-json\/wp\/v2\/users\/4"}],"replies":[{"embeddable":true,"href":"https:\/\/eldiariodesanpedro.com.ar\/sitio\/wp-json\/wp\/v2\/comments?post=122357"}],"version-history":[{"count":1,"href":"https:\/\/eldiariodesanpedro.com.ar\/sitio\/wp-json\/wp\/v2\/posts\/122357\/revisions"}],"predecessor-version":[{"id":122366,"href":"https:\/\/eldiariodesanpedro.com.ar\/sitio\/wp-json\/wp\/v2\/posts\/122357\/revisions\/122366"}],"wp:featuredmedia":[{"embeddable":true,"href":"https:\/\/eldiariodesanpedro.com.ar\/sitio\/wp-json\/wp\/v2\/media\/122358"}],"wp:attachment":[{"href":"https:\/\/eldiariodesanpedro.com.ar\/sitio\/wp-json\/wp\/v2\/media?parent=122357"}],"wp:term":[{"taxonomy":"category","embeddable":true,"href":"https:\/\/eldiariodesanpedro.com.ar\/sitio\/wp-json\/wp\/v2\/categories?post=122357"},{"taxonomy":"post_tag","embeddable":true,"href":"https:\/\/eldiariodesanpedro.com.ar\/sitio\/wp-json\/wp\/v2\/tags?post=122357"}],"curies":[{"name":"wp","href":"https:\/\/api.w.org\/{rel}","templated":true}]}}