{"id":122343,"date":"2023-09-15T14:13:28","date_gmt":"2023-09-15T17:13:28","guid":{"rendered":"https:\/\/eldiariodesanpedro.com.ar\/sitio\/?p=122343"},"modified":"2023-09-15T14:13:30","modified_gmt":"2023-09-15T17:13:30","slug":"el-intendente-salazar-se-reunira-con-los-dueno-de-la-nueva-terminal-para-exigirle-mejoras","status":"publish","type":"post","link":"https:\/\/eldiariodesanpedro.com.ar\/sitio\/el-intendente-salazar-se-reunira-con-los-dueno-de-la-nueva-terminal-para-exigirle-mejoras\/","title":{"rendered":"El intendente Salazar se reunira con los due\u00f1o de la nueva terminal para exigirle mejoras"},"content":{"rendered":"<!-- VideographyWP Plugin Message: Automatic video embedding prevented by plugin options. -->\n\n<p>El Intendente program\u00f3 una reuni\u00f3n para el pr\u00f3ximo lunes 18 con los propietarios de la Nueva Terminal en respuesta a m\u00faltiples quejas planteadas por residentes locales. Durante la temporada invernal, los habitantes tuvieron que aguardar afuera del vest\u00edbulo principal, ya que el edificio permanece cerrado durante las horas nocturnas.<\/p>\n\n\n\n<p>Salazar, en una declaraci\u00f3n emitida el viernes, expres\u00f3: \u00abEl lunes tengo una reuni\u00f3n con la empresa de la Terminal; es un lugar que debe funcionar adecuadamente, y he convocado a la empresa debido a ciertos aspectos que me preocupan\u00bb. El Jefe Comunal destac\u00f3 que la Terminal cierra sus puertas a medianoche, a pesar de que los autobuses siguen operando, lo cual considera inadecuado, especialmente en los meses de invierno, cuando es fundamental que las personas tengan acceso a refugio interior.<\/p>\n\n\n\n<p>Asimismo, subray\u00f3 la importancia de garantizar la seguridad y mantener un entorno higi\u00e9nico, sin que esto implique una carga econ\u00f3mica significativa para los propietarios. Record\u00f3 que la empresa San Pedro Farm S.A., respaldada por inversionistas chinos y asesorada por Alejandro Bennazar, presidente de la C\u00e1mara Inmobiliaria Argentina, recibi\u00f3 beneficios como la exenci\u00f3n de los derechos de construcci\u00f3n.<\/p>\n","protected":false},"excerpt":{"rendered":"<p>El Intendente program\u00f3 una reuni\u00f3n para el pr\u00f3ximo lunes 18 con los propietarios de la Nueva Terminal en respuesta a m\u00faltiples quejas planteadas por residentes locales. Durante la temporada invernal, los habitantes tuvieron que aguardar afuera del vest\u00edbulo principal, ya que el edificio permanece cerrado durante las horas nocturnas. Salazar, en una declaraci\u00f3n emitida el [&hellip;]<\/p>\n","protected":false},"author":4,"featured_media":122344,"comment_status":"closed","ping_status":"closed","sticky":false,"template":"","format":"standard","meta":{"om_disable_all_campaigns":false,"_jetpack_memberships_contains_paid_content":false,"footnotes":""},"categories":[50,101,2],"tags":[197,696,33,19],"class_list":["post-122343","post","type-post","status-publish","format-standard","has-post-thumbnail","hentry","category-destacadas","category-interes-general-locales","category-locales","tag-buenos-aires","tag-interes-general","tag-locales","tag-san-pedro"],"aioseo_notices":[],"gutentor_comment":0,"jetpack_featured_media_url":"https:\/\/eldiariodesanpedro.com.ar\/sitio\/wp-content\/uploads\/2023\/09\/terminal.jpg","jetpack_shortlink":"https:\/\/wp.me\/p6RhLt-vPh","jetpack_sharing_enabled":true,"_links":{"self":[{"href":"https:\/\/eldiariodesanpedro.com.ar\/sitio\/wp-json\/wp\/v2\/posts\/122343","targetHints":{"allow":["GET"]}}],"collection":[{"href":"https:\/\/eldiariodesanpedro.com.ar\/sitio\/wp-json\/wp\/v2\/posts"}],"about":[{"href":"https:\/\/eldiariodesanpedro.com.ar\/sitio\/wp-json\/wp\/v2\/types\/post"}],"author":[{"embeddable":true,"href":"https:\/\/eldiariodesanpedro.com.ar\/sitio\/wp-json\/wp\/v2\/users\/4"}],"replies":[{"embeddable":true,"href":"https:\/\/eldiariodesanpedro.com.ar\/sitio\/wp-json\/wp\/v2\/comments?post=122343"}],"version-history":[{"count":1,"href":"https:\/\/eldiariodesanpedro.com.ar\/sitio\/wp-json\/wp\/v2\/posts\/122343\/revisions"}],"predecessor-version":[{"id":122345,"href":"https:\/\/eldiariodesanpedro.com.ar\/sitio\/wp-json\/wp\/v2\/posts\/122343\/revisions\/122345"}],"wp:featuredmedia":[{"embeddable":true,"href":"https:\/\/eldiariodesanpedro.com.ar\/sitio\/wp-json\/wp\/v2\/media\/122344"}],"wp:attachment":[{"href":"https:\/\/eldiariodesanpedro.com.ar\/sitio\/wp-json\/wp\/v2\/media?parent=122343"}],"wp:term":[{"taxonomy":"category","embeddable":true,"href":"https:\/\/eldiariodesanpedro.com.ar\/sitio\/wp-json\/wp\/v2\/categories?post=122343"},{"taxonomy":"post_tag","embeddable":true,"href":"https:\/\/eldiariodesanpedro.com.ar\/sitio\/wp-json\/wp\/v2\/tags?post=122343"}],"curies":[{"name":"wp","href":"https:\/\/api.w.org\/{rel}","templated":true}]}}