{"id":122340,"date":"2023-09-15T14:08:58","date_gmt":"2023-09-15T17:08:58","guid":{"rendered":"https:\/\/eldiariodesanpedro.com.ar\/sitio\/?p=122340"},"modified":"2023-09-15T14:09:00","modified_gmt":"2023-09-15T17:09:00","slug":"los-concejales-reclamaron-que-la-nueva-terminal-no-funciona-correctamente-segun-las-quejas-de-los-usuarios","status":"publish","type":"post","link":"https:\/\/eldiariodesanpedro.com.ar\/sitio\/los-concejales-reclamaron-que-la-nueva-terminal-no-funciona-correctamente-segun-las-quejas-de-los-usuarios\/","title":{"rendered":"Los concejales reclamaron que la nueva terminal no funciona correctamente seg\u00fan las quejas de los usuarios"},"content":{"rendered":"<!-- VideographyWP Plugin Message: Automatic video embedding prevented by plugin options. -->\n\n<p>Concejales del bloque Juntos PRO presentaron un reclamo al HCD relacionado con la operaci\u00f3n de la Nueva Terminal de \u00f3mnibus en San Pedro. En su proyecto, solicitan al Ejecutivo que proporcione un informe detallado sobre los requisitos y condiciones que deben cumplirse para el adecuado funcionamiento de la terminal y su servicio a la comunidad.<\/p>\n\n\n\n<p>Los concejales argumentan que la Nueva Terminal no est\u00e1 cumpliendo con los est\u00e1ndares adecuados para una terminal de media y larga distancia, y hacen referencia a varias preocupaciones expresadas por los ciudadanos. Estas preocupaciones abarcan aspectos como la seguridad, la limpieza, el cierre nocturno y la disponibilidad de servicios de informaci\u00f3n.<\/p>\n\n\n\n<p>San Pedro Farm S.A, la empresa propietaria de la Nueva Terminal, recibi\u00f3 beneficios fiscales y de construcci\u00f3n con la condici\u00f3n de que su inversi\u00f3n generar\u00eda empleo y modernizar\u00eda el servicio de transporte. Los concejales subrayan que esta empresa debe cumplir con todas las regulaciones a nivel nacional, provincial y municipal que rigen su actividad.<\/p>\n\n\n\n<p>Los concejales tambi\u00e9n hacen referencia a la Resoluci\u00f3n 232\/2021 a nivel provincial, que establece los requisitos espec\u00edficos para las terminales de larga y media distancia. Adem\u00e1s, se\u00f1alan la necesidad de regular los comercios que operan dentro de la Nueva Terminal, algunos de los cuales funcionan sin la debida autorizaci\u00f3n.<\/p>\n\n\n\n<p>El objetivo de esta solicitud es garantizar un servicio de alta calidad y seguro para los residentes de San Pedro y los visitantes que utilizan la terminal para viajar. Los concejales enfatizan la importancia de establecer un reglamento claro y de que el municipio ejerza un control efectivo sobre el cumplimiento de las regulaciones. Tambi\u00e9n insisten en que, dado que la inversi\u00f3n fue privada, el municipio debe tener una supervisi\u00f3n activa debido a la funci\u00f3n social que desempe\u00f1a la terminal.<\/p>\n\n\n\n<p>En resumen, los concejales de Juntos PRO est\u00e1n instando a que se cumplan rigurosamente las regulaciones y se mejoren las condiciones de funcionamiento de la Nueva Terminal de \u00f3mnibus en San Pedro, con el objetivo de proporcionar un servicio de calidad y seguro para la comunidad y los visitantes.<\/p>\n","protected":false},"excerpt":{"rendered":"<p>Concejales del bloque Juntos PRO presentaron un reclamo al HCD relacionado con la operaci\u00f3n de la Nueva Terminal de \u00f3mnibus en San Pedro. En su proyecto, solicitan al Ejecutivo que proporcione un informe detallado sobre los requisitos y condiciones que deben cumplirse para el adecuado funcionamiento de la terminal y su servicio a la comunidad. [&hellip;]<\/p>\n","protected":false},"author":4,"featured_media":122341,"comment_status":"closed","ping_status":"closed","sticky":false,"template":"","format":"standard","meta":{"om_disable_all_campaigns":false,"_jetpack_memberships_contains_paid_content":false,"footnotes":""},"categories":[50,101,2],"tags":[197,696,33,19],"class_list":["post-122340","post","type-post","status-publish","format-standard","has-post-thumbnail","hentry","category-destacadas","category-interes-general-locales","category-locales","tag-buenos-aires","tag-interes-general","tag-locales","tag-san-pedro"],"aioseo_notices":[],"gutentor_comment":0,"jetpack_featured_media_url":"https:\/\/eldiariodesanpedro.com.ar\/sitio\/wp-content\/uploads\/2023\/09\/Nueva-terminal.jpg","jetpack_shortlink":"https:\/\/wp.me\/p6RhLt-vPe","jetpack_sharing_enabled":true,"_links":{"self":[{"href":"https:\/\/eldiariodesanpedro.com.ar\/sitio\/wp-json\/wp\/v2\/posts\/122340","targetHints":{"allow":["GET"]}}],"collection":[{"href":"https:\/\/eldiariodesanpedro.com.ar\/sitio\/wp-json\/wp\/v2\/posts"}],"about":[{"href":"https:\/\/eldiariodesanpedro.com.ar\/sitio\/wp-json\/wp\/v2\/types\/post"}],"author":[{"embeddable":true,"href":"https:\/\/eldiariodesanpedro.com.ar\/sitio\/wp-json\/wp\/v2\/users\/4"}],"replies":[{"embeddable":true,"href":"https:\/\/eldiariodesanpedro.com.ar\/sitio\/wp-json\/wp\/v2\/comments?post=122340"}],"version-history":[{"count":1,"href":"https:\/\/eldiariodesanpedro.com.ar\/sitio\/wp-json\/wp\/v2\/posts\/122340\/revisions"}],"predecessor-version":[{"id":122342,"href":"https:\/\/eldiariodesanpedro.com.ar\/sitio\/wp-json\/wp\/v2\/posts\/122340\/revisions\/122342"}],"wp:featuredmedia":[{"embeddable":true,"href":"https:\/\/eldiariodesanpedro.com.ar\/sitio\/wp-json\/wp\/v2\/media\/122341"}],"wp:attachment":[{"href":"https:\/\/eldiariodesanpedro.com.ar\/sitio\/wp-json\/wp\/v2\/media?parent=122340"}],"wp:term":[{"taxonomy":"category","embeddable":true,"href":"https:\/\/eldiariodesanpedro.com.ar\/sitio\/wp-json\/wp\/v2\/categories?post=122340"},{"taxonomy":"post_tag","embeddable":true,"href":"https:\/\/eldiariodesanpedro.com.ar\/sitio\/wp-json\/wp\/v2\/tags?post=122340"}],"curies":[{"name":"wp","href":"https:\/\/api.w.org\/{rel}","templated":true}]}}