{"id":122337,"date":"2023-09-15T13:57:49","date_gmt":"2023-09-15T16:57:49","guid":{"rendered":"https:\/\/eldiariodesanpedro.com.ar\/sitio\/?p=122337"},"modified":"2023-09-15T13:57:51","modified_gmt":"2023-09-15T16:57:51","slug":"se-secuestro-cocaina-marihuana-y-tres-detenidos-en-allanamientos","status":"publish","type":"post","link":"https:\/\/eldiariodesanpedro.com.ar\/sitio\/se-secuestro-cocaina-marihuana-y-tres-detenidos-en-allanamientos\/","title":{"rendered":"Se secuestro cocaina, marihuana y tres detenidos en allanamientos"},"content":{"rendered":"<!-- VideographyWP Plugin Message: Automatic video embedding prevented by plugin options. -->\n\n<p>Una investigaci\u00f3n se inici\u00f3 a principios de este a\u00f1o, dirigida por la Unidad Funcional de Instrucci\u00f3n N\u00b0 5, encabezada por la Dra. Mar\u00eda Del Valle Viviani, bajo la supervisi\u00f3n de la Unidad Coordinadora de Estupefacientes, a cargo de la Dra. Mar\u00eda Ver\u00f3nica Marcantonio, y el Juzgado de Garant\u00edas Nro. 1, bajo la responsabilidad del Dr. Rom\u00e1n Parodi. Todos ellos pertenecen al Departamento Judicial San Nicol\u00e1s. El prop\u00f3sito de esta investigaci\u00f3n era determinar la venta de estupefacientes en peque\u00f1as cantidades en los lugares mencionados, seg\u00fan informaci\u00f3n inicial.<\/p>\n\n\n\n<p>Tras el proceso de investigaci\u00f3n y a solicitud de la polic\u00eda y el sistema judicial, que tambi\u00e9n incluy\u00f3 la interceptaci\u00f3n de compradores ocasionales de estupefacientes en las residencias investigadas, se pidi\u00f3 al Juzgado de Garant\u00edas las respectivas \u00f3rdenes de allanamiento y detenci\u00f3n de todos los miembros de la organizaci\u00f3n delictiva.<\/p>\n\n\n\n<p>Ayer, se llev\u00f3 a cabo un operativo coordinado por la D.D.I.T.D.I. San Nicol\u00e1s, con la colaboraci\u00f3n de la Estaci\u00f3n de Polic\u00eda de Seguridad San Pedro y la Sub D.D.I. de Baradero. Este operativo result\u00f3 en el decomiso de varias dosis de coca\u00edna, cogollos de marihuana, tel\u00e9fonos celulares y una suma significativa de dinero en efectivo obtenido de actividades il\u00edcitas. Adem\u00e1s, se detuvo a tres personas, todas mayores de edad, una de sexo femenino y dos de sexo masculino. Estas personas quedaron bajo custodia policial y ser\u00e1n trasladadas posteriormente a la sede judicial, donde enfrentar\u00e1n interrogatorios por parte de la justicia.<\/p>\n","protected":false},"excerpt":{"rendered":"<p>Una investigaci\u00f3n se inici\u00f3 a principios de este a\u00f1o, dirigida por la Unidad Funcional de Instrucci\u00f3n N\u00b0 5, encabezada por la Dra. Mar\u00eda Del Valle Viviani, bajo la supervisi\u00f3n de la Unidad Coordinadora de Estupefacientes, a cargo de la Dra. Mar\u00eda Ver\u00f3nica Marcantonio, y el Juzgado de Garant\u00edas Nro. 1, bajo la responsabilidad del Dr. [&hellip;]<\/p>\n","protected":false},"author":4,"featured_media":122338,"comment_status":"closed","ping_status":"closed","sticky":false,"template":"","format":"standard","meta":{"om_disable_all_campaigns":false,"_jetpack_memberships_contains_paid_content":false,"footnotes":""},"categories":[50,2,103],"tags":[197,33,95,19],"class_list":["post-122337","post","type-post","status-publish","format-standard","has-post-thumbnail","hentry","category-destacadas","category-locales","category-policiales-locales","tag-buenos-aires","tag-locales","tag-policiales","tag-san-pedro"],"aioseo_notices":[],"gutentor_comment":0,"jetpack_featured_media_url":"https:\/\/eldiariodesanpedro.com.ar\/sitio\/wp-content\/uploads\/2023\/09\/WhatsApp-Image-2023-09-15-at-11.03.22.jpeg","jetpack_shortlink":"https:\/\/wp.me\/p6RhLt-vPb","jetpack_sharing_enabled":true,"_links":{"self":[{"href":"https:\/\/eldiariodesanpedro.com.ar\/sitio\/wp-json\/wp\/v2\/posts\/122337","targetHints":{"allow":["GET"]}}],"collection":[{"href":"https:\/\/eldiariodesanpedro.com.ar\/sitio\/wp-json\/wp\/v2\/posts"}],"about":[{"href":"https:\/\/eldiariodesanpedro.com.ar\/sitio\/wp-json\/wp\/v2\/types\/post"}],"author":[{"embeddable":true,"href":"https:\/\/eldiariodesanpedro.com.ar\/sitio\/wp-json\/wp\/v2\/users\/4"}],"replies":[{"embeddable":true,"href":"https:\/\/eldiariodesanpedro.com.ar\/sitio\/wp-json\/wp\/v2\/comments?post=122337"}],"version-history":[{"count":1,"href":"https:\/\/eldiariodesanpedro.com.ar\/sitio\/wp-json\/wp\/v2\/posts\/122337\/revisions"}],"predecessor-version":[{"id":122339,"href":"https:\/\/eldiariodesanpedro.com.ar\/sitio\/wp-json\/wp\/v2\/posts\/122337\/revisions\/122339"}],"wp:featuredmedia":[{"embeddable":true,"href":"https:\/\/eldiariodesanpedro.com.ar\/sitio\/wp-json\/wp\/v2\/media\/122338"}],"wp:attachment":[{"href":"https:\/\/eldiariodesanpedro.com.ar\/sitio\/wp-json\/wp\/v2\/media?parent=122337"}],"wp:term":[{"taxonomy":"category","embeddable":true,"href":"https:\/\/eldiariodesanpedro.com.ar\/sitio\/wp-json\/wp\/v2\/categories?post=122337"},{"taxonomy":"post_tag","embeddable":true,"href":"https:\/\/eldiariodesanpedro.com.ar\/sitio\/wp-json\/wp\/v2\/tags?post=122337"}],"curies":[{"name":"wp","href":"https:\/\/api.w.org\/{rel}","templated":true}]}}