{"id":122334,"date":"2023-09-15T13:48:44","date_gmt":"2023-09-15T16:48:44","guid":{"rendered":"https:\/\/eldiariodesanpedro.com.ar\/sitio\/?p=122334"},"modified":"2023-09-15T13:48:46","modified_gmt":"2023-09-15T16:48:46","slug":"comenzaron-los-trabajos-de-repavimentacion-de-la-lucio-mansilla","status":"publish","type":"post","link":"https:\/\/eldiariodesanpedro.com.ar\/sitio\/comenzaron-los-trabajos-de-repavimentacion-de-la-lucio-mansilla\/","title":{"rendered":"Comenzaron los trabajos de repavimentaci\u00f3n de la Lucio Mansilla"},"content":{"rendered":"<!-- VideographyWP Plugin Message: Automatic video embedding prevented by plugin options. -->\n\n<p>Personal y maquinarias de la empresa IARSA han completado el trabajo de suelo y han iniciado la colocaci\u00f3n de la carpeta asf\u00e1ltica en el primer tramo de 400 metros de la ruta Lucio Mansilla, que se extiende desde el predio de El Fort\u00edn hasta la ubicaci\u00f3n frente a la Escuela 13. La repavimentaci\u00f3n de este tramo de la ruta 1001 continuar\u00e1 hasta llegar a la avenida 11 de Septiembre, marcando as\u00ed el progreso de la primera etapa del proyecto.<\/p>\n\n\n\n<p>El Secretario de Obras P\u00fablicas, Javier Silva, ha proporcionado detalles sobre el proyecto, explicando que se est\u00e1 aplicando una capa de rodamiento de 7 cent\u00edmetros de espesor y 6 metros de ancho. Adem\u00e1s, se llevar\u00e1 a cabo la pavimentaci\u00f3n de la banquina, que tendr\u00e1 un ancho de 2 metros y medio, y se instalar\u00e1 se\u00f1alizaci\u00f3n tanto horizontal como vertical, incluyendo la correspondiente carteler\u00eda.<\/p>\n\n\n\n<p>El inicio de este proyecto en la zona beneficiar\u00e1 de manera inmediata las condiciones de circulaci\u00f3n en las cercan\u00edas del complejo educativo que, pr\u00f3ximamente, albergar\u00e1 la futura Escuela T\u00e9cnica Profesional.<\/p>\n\n\n\n<p>El otro tramo, que es el de mayor longitud y complejidad, se extiende desde R\u00edo Tala hasta Crucero General Belgrano. Asimismo, se llevar\u00e1n a cabo trabajos de bacheo en Crucero General Belgrano, desde la rotonda Gaucho Rivero hasta la ruta 1001. Adem\u00e1s, en una licitaci\u00f3n separada, se ha contratado la renovaci\u00f3n de las losas en el acceso al puerto de San Pedro.<\/p>\n","protected":false},"excerpt":{"rendered":"<p>Personal y maquinarias de la empresa IARSA han completado el trabajo de suelo y han iniciado la colocaci\u00f3n de la carpeta asf\u00e1ltica en el primer tramo de 400 metros de la ruta Lucio Mansilla, que se extiende desde el predio de El Fort\u00edn hasta la ubicaci\u00f3n frente a la Escuela 13. La repavimentaci\u00f3n de este [&hellip;]<\/p>\n","protected":false},"author":4,"featured_media":122335,"comment_status":"closed","ping_status":"closed","sticky":false,"template":"","format":"standard","meta":{"om_disable_all_campaigns":false,"_jetpack_memberships_contains_paid_content":false,"footnotes":""},"categories":[50,101,2],"tags":[4488],"class_list":["post-122334","post","type-post","status-publish","format-standard","has-post-thumbnail","hentry","category-destacadas","category-interes-general-locales","category-locales","tag-comenzaron-los-trabajos-de-repavimentacion-de-la-lucio-mansilla"],"aioseo_notices":[],"gutentor_comment":0,"jetpack_featured_media_url":"https:\/\/eldiariodesanpedro.com.ar\/sitio\/wp-content\/uploads\/2023\/09\/Pavimentacion-Lucio-Mancilla.jpg","jetpack_shortlink":"https:\/\/wp.me\/p6RhLt-vP8","jetpack_sharing_enabled":true,"_links":{"self":[{"href":"https:\/\/eldiariodesanpedro.com.ar\/sitio\/wp-json\/wp\/v2\/posts\/122334","targetHints":{"allow":["GET"]}}],"collection":[{"href":"https:\/\/eldiariodesanpedro.com.ar\/sitio\/wp-json\/wp\/v2\/posts"}],"about":[{"href":"https:\/\/eldiariodesanpedro.com.ar\/sitio\/wp-json\/wp\/v2\/types\/post"}],"author":[{"embeddable":true,"href":"https:\/\/eldiariodesanpedro.com.ar\/sitio\/wp-json\/wp\/v2\/users\/4"}],"replies":[{"embeddable":true,"href":"https:\/\/eldiariodesanpedro.com.ar\/sitio\/wp-json\/wp\/v2\/comments?post=122334"}],"version-history":[{"count":1,"href":"https:\/\/eldiariodesanpedro.com.ar\/sitio\/wp-json\/wp\/v2\/posts\/122334\/revisions"}],"predecessor-version":[{"id":122336,"href":"https:\/\/eldiariodesanpedro.com.ar\/sitio\/wp-json\/wp\/v2\/posts\/122334\/revisions\/122336"}],"wp:featuredmedia":[{"embeddable":true,"href":"https:\/\/eldiariodesanpedro.com.ar\/sitio\/wp-json\/wp\/v2\/media\/122335"}],"wp:attachment":[{"href":"https:\/\/eldiariodesanpedro.com.ar\/sitio\/wp-json\/wp\/v2\/media?parent=122334"}],"wp:term":[{"taxonomy":"category","embeddable":true,"href":"https:\/\/eldiariodesanpedro.com.ar\/sitio\/wp-json\/wp\/v2\/categories?post=122334"},{"taxonomy":"post_tag","embeddable":true,"href":"https:\/\/eldiariodesanpedro.com.ar\/sitio\/wp-json\/wp\/v2\/tags?post=122334"}],"curies":[{"name":"wp","href":"https:\/\/api.w.org\/{rel}","templated":true}]}}