{"id":122330,"date":"2023-09-15T13:31:41","date_gmt":"2023-09-15T16:31:41","guid":{"rendered":"https:\/\/eldiariodesanpedro.com.ar\/sitio\/?p=122330"},"modified":"2023-09-15T13:31:42","modified_gmt":"2023-09-15T16:31:42","slug":"elecciones-en-la-biblioteca-rafael-obligado-olga-rasio-continua-la-gestion","status":"publish","type":"post","link":"https:\/\/eldiariodesanpedro.com.ar\/sitio\/elecciones-en-la-biblioteca-rafael-obligado-olga-rasio-continua-la-gestion\/","title":{"rendered":"Elecciones en la biblioteca Rafael Obligado: Olga Rasio continua la gesti\u00f3n"},"content":{"rendered":"<!-- VideographyWP Plugin Message: Automatic video embedding prevented by plugin options. -->\n\n<p>Se realiz\u00f3 anoche la asamblea anual de la Biblioteca Popular \u00abRafael Obligado\u00bb, que incluy\u00f3 la elecci\u00f3n de las nuevas autoridades.&nbsp;<\/p>\n\n\n\n<p>La lista 1, encabezada por Olga Rasio, que representaba la continuidad de la actual gesti\u00f3n, se impuso por 134 votos contra 38 de la n\u00f3mina que postulaba a Anal\u00eda Rold\u00e1n.&nbsp;<\/p>\n\n\n\n<p>La nueva conducci\u00f3n est\u00e1 integrada por Corina Pando como vicepresidenta, Julia Varga como secretaria y Nora Beneventana como tesorera.&nbsp;<\/p>\n\n\n\n<p><ins><\/ins>Los vocales titulares ser\u00e1n la actual presidenta Blanca Susana Navarro, Cristina Isabel P\u00e9rez, Mar\u00eda Lucrecia Hern\u00e1ndez y Elsa Liliana Montero, con Alicia Victorero y Elda Mora como suplentes.&nbsp;<\/p>\n\n\n\n<p>Ser\u00e1n revisores de cuentas Nancy Bibiana Dom\u00ednguez y Ernesto Diamante.&nbsp;<\/p>\n\n\n\n<figure class=\"wp-block-image size-large\"><img decoding=\"async\" width=\"1024\" height=\"576\" data-attachment-id=\"122331\" data-permalink=\"https:\/\/eldiariodesanpedro.com.ar\/sitio\/elecciones-en-la-biblioteca-rafael-obligado-olga-rasio-continua-la-gestion\/379003169_788977173005224_6336584054152917949_n\/\" data-orig-file=\"https:\/\/eldiariodesanpedro.com.ar\/sitio\/wp-content\/uploads\/2023\/09\/379003169_788977173005224_6336584054152917949_n.jpg\" data-orig-size=\"1120,630\" data-comments-opened=\"0\" data-image-meta=\"{&quot;aperture&quot;:&quot;0&quot;,&quot;credit&quot;:&quot;&quot;,&quot;camera&quot;:&quot;&quot;,&quot;caption&quot;:&quot;&quot;,&quot;created_timestamp&quot;:&quot;0&quot;,&quot;copyright&quot;:&quot;&quot;,&quot;focal_length&quot;:&quot;0&quot;,&quot;iso&quot;:&quot;0&quot;,&quot;shutter_speed&quot;:&quot;0&quot;,&quot;title&quot;:&quot;&quot;,&quot;orientation&quot;:&quot;0&quot;}\" data-image-title=\"379003169_788977173005224_6336584054152917949_n\" data-image-description=\"\" data-image-caption=\"\" data-large-file=\"https:\/\/eldiariodesanpedro.com.ar\/sitio\/wp-content\/uploads\/2023\/09\/379003169_788977173005224_6336584054152917949_n-1024x576.jpg\" data-src=\"https:\/\/eldiariodesanpedro.com.ar\/sitio\/wp-content\/uploads\/2023\/09\/379003169_788977173005224_6336584054152917949_n-1024x576.jpg\" alt=\"\" class=\"wp-image-122331 lazyload\" data-srcset=\"https:\/\/eldiariodesanpedro.com.ar\/sitio\/wp-content\/uploads\/2023\/09\/379003169_788977173005224_6336584054152917949_n-1024x576.jpg 1024w, https:\/\/eldiariodesanpedro.com.ar\/sitio\/wp-content\/uploads\/2023\/09\/379003169_788977173005224_6336584054152917949_n-300x169.jpg 300w, https:\/\/eldiariodesanpedro.com.ar\/sitio\/wp-content\/uploads\/2023\/09\/379003169_788977173005224_6336584054152917949_n-768x432.jpg 768w, https:\/\/eldiariodesanpedro.com.ar\/sitio\/wp-content\/uploads\/2023\/09\/379003169_788977173005224_6336584054152917949_n.jpg 1120w\" data-sizes=\"(max-width: 1024px) 100vw, 1024px\" src=\"data:image\/svg+xml;base64,PHN2ZyB3aWR0aD0iMSIgaGVpZ2h0PSIxIiB4bWxucz0iaHR0cDovL3d3dy53My5vcmcvMjAwMC9zdmciPjwvc3ZnPg==\" style=\"--smush-placeholder-width: 1024px; --smush-placeholder-aspect-ratio: 1024\/576;\" \/><\/figure>\n","protected":false},"excerpt":{"rendered":"<p>Se realiz\u00f3 anoche la asamblea anual de la Biblioteca Popular \u00abRafael Obligado\u00bb, que incluy\u00f3 la elecci\u00f3n de las nuevas autoridades.&nbsp; La lista 1, encabezada por Olga Rasio, que representaba la continuidad de la actual gesti\u00f3n, se impuso por 134 votos contra 38 de la n\u00f3mina que postulaba a Anal\u00eda Rold\u00e1n.&nbsp; La nueva conducci\u00f3n est\u00e1 integrada [&hellip;]<\/p>\n","protected":false},"author":4,"featured_media":122332,"comment_status":"closed","ping_status":"closed","sticky":false,"template":"","format":"standard","meta":{"om_disable_all_campaigns":false,"_jetpack_memberships_contains_paid_content":false,"footnotes":""},"categories":[101,2],"tags":[],"class_list":["post-122330","post","type-post","status-publish","format-standard","has-post-thumbnail","hentry","category-interes-general-locales","category-locales"],"aioseo_notices":[],"gutentor_comment":0,"jetpack_featured_media_url":"https:\/\/eldiariodesanpedro.com.ar\/sitio\/wp-content\/uploads\/2023\/09\/379413003_789253706310904_7169964392173370841_n.jpg","jetpack_shortlink":"https:\/\/wp.me\/p6RhLt-vP4","jetpack_sharing_enabled":true,"_links":{"self":[{"href":"https:\/\/eldiariodesanpedro.com.ar\/sitio\/wp-json\/wp\/v2\/posts\/122330","targetHints":{"allow":["GET"]}}],"collection":[{"href":"https:\/\/eldiariodesanpedro.com.ar\/sitio\/wp-json\/wp\/v2\/posts"}],"about":[{"href":"https:\/\/eldiariodesanpedro.com.ar\/sitio\/wp-json\/wp\/v2\/types\/post"}],"author":[{"embeddable":true,"href":"https:\/\/eldiariodesanpedro.com.ar\/sitio\/wp-json\/wp\/v2\/users\/4"}],"replies":[{"embeddable":true,"href":"https:\/\/eldiariodesanpedro.com.ar\/sitio\/wp-json\/wp\/v2\/comments?post=122330"}],"version-history":[{"count":1,"href":"https:\/\/eldiariodesanpedro.com.ar\/sitio\/wp-json\/wp\/v2\/posts\/122330\/revisions"}],"predecessor-version":[{"id":122333,"href":"https:\/\/eldiariodesanpedro.com.ar\/sitio\/wp-json\/wp\/v2\/posts\/122330\/revisions\/122333"}],"wp:featuredmedia":[{"embeddable":true,"href":"https:\/\/eldiariodesanpedro.com.ar\/sitio\/wp-json\/wp\/v2\/media\/122332"}],"wp:attachment":[{"href":"https:\/\/eldiariodesanpedro.com.ar\/sitio\/wp-json\/wp\/v2\/media?parent=122330"}],"wp:term":[{"taxonomy":"category","embeddable":true,"href":"https:\/\/eldiariodesanpedro.com.ar\/sitio\/wp-json\/wp\/v2\/categories?post=122330"},{"taxonomy":"post_tag","embeddable":true,"href":"https:\/\/eldiariodesanpedro.com.ar\/sitio\/wp-json\/wp\/v2\/tags?post=122330"}],"curies":[{"name":"wp","href":"https:\/\/api.w.org\/{rel}","templated":true}]}}