{"id":122324,"date":"2023-09-15T13:22:51","date_gmt":"2023-09-15T16:22:51","guid":{"rendered":"https:\/\/eldiariodesanpedro.com.ar\/sitio\/?p=122324"},"modified":"2023-09-15T13:25:39","modified_gmt":"2023-09-15T16:25:39","slug":"el-centro-de-comercio-industria-y-turismo-elevo-una-nota-al-intendente-rechazando-el-proyecto-de-expropiacion-sobre-terrenos-de-arcor","status":"publish","type":"post","link":"https:\/\/eldiariodesanpedro.com.ar\/sitio\/el-centro-de-comercio-industria-y-turismo-elevo-una-nota-al-intendente-rechazando-el-proyecto-de-expropiacion-sobre-terrenos-de-arcor\/","title":{"rendered":"El Centro de Comercio Industria y Turismo elev\u00f3 una nota al Intendente, rechazando el proyecto de expropiaci\u00f3n sobre terrenos de ARCOR"},"content":{"rendered":"<!-- VideographyWP Plugin Message: Automatic video embedding prevented by plugin options. -->\n\n<p>El Centro de Comercio Industria y Turismo de San Pedro ingres\u00f3 por Mesa de Entradas de la Municipalidad, una nota dirigida al Intendente Municipal Cecilio Salazar, con copia al Honorable Concejo Deliberante, expresando el rechazo absoluto ante la posibilidad de que desde el gobierno local, se intente avanzar con un proceso de expropiaci\u00f3n sobre las tierras que pertenecen a la empresa ARCOR, en la zona portuaria.<\/p>\n\n\n\n<p>La nota firmada por el Presidente&nbsp;<strong>Ra\u00fal Cheyllada<\/strong>, en nombre de la comisi\u00f3n directiva de la entidad, destaca que de concretarse esta iniciativa, constituye \u00abuna medida que atenta al desarrollo actual y futuro de nuestra ciudad.\u00bb<\/p>\n\n\n\n<p>Adem\u00e1s remarca que ARCOR, es una firma asociada a la instituci\u00f3n y que \u00abha sido de fundamental importancia en su capacidad de generar una matriz productiva sostenida, con el valioso aporte de recursos humanos de nuestra ciudad.\u00bb &nbsp;<\/p>\n\n\n\n<p>El Centro de Comercio, Industria y Turismo de San Pedro manifiesta en la nota, cuyo texto completo acompa\u00f1a esta comunicaci\u00f3n, la necesidad de establecer una pol\u00edtica de estado con ideas claras sobre el desarrollo, y acciones con una visi\u00f3n estrat\u00e9gica para que la ciudad logre conquistar el inter\u00e9s de nuevas inversiones.<\/p>\n\n\n<a href=\"https:\/\/eldiariodesanpedro.com.ar\/sitio\/wp-content\/uploads\/2023\/09\/00NOTA-INDENTENTE-SEPTIEMBRE-2023.pdf\" class=\"pdfemb-viewer\" style=\"\" data-width=\"max\" data-height=\"max\" data-toolbar=\"bottom\" data-toolbar-fixed=\"off\">00NOTA-INDENTENTE-SEPTIEMBRE-2023<\/a>\n<p class=\"wp-block-pdfemb-pdf-embedder-viewer\"><\/p>\n","protected":false},"excerpt":{"rendered":"<p>El Centro de Comercio Industria y Turismo de San Pedro ingres\u00f3 por Mesa de Entradas de la Municipalidad, una nota dirigida al Intendente Municipal Cecilio Salazar, con copia al Honorable Concejo Deliberante, expresando el rechazo absoluto ante la posibilidad de que desde el gobierno local, se intente avanzar con un proceso de expropiaci\u00f3n sobre las [&hellip;]<\/p>\n","protected":false},"author":4,"featured_media":122325,"comment_status":"closed","ping_status":"closed","sticky":false,"template":"","format":"standard","meta":{"om_disable_all_campaigns":false,"_jetpack_memberships_contains_paid_content":false,"footnotes":""},"categories":[50,101,2],"tags":[4486,4487],"class_list":["post-122324","post","type-post","status-publish","format-standard","has-post-thumbnail","hentry","category-destacadas","category-interes-general-locales","category-locales","tag-el-centro-de-comercio-industria-y-turismo-elevo-una-nota-al-intendente","tag-rechazando-el-proyecto-de-expropiacion-sobre-terrenos-de-arcor"],"aioseo_notices":[],"gutentor_comment":0,"jetpack_featured_media_url":"https:\/\/eldiariodesanpedro.com.ar\/sitio\/wp-content\/uploads\/2023\/09\/20221007_1736030-scaled-1.jpg","jetpack_shortlink":"https:\/\/wp.me\/p6RhLt-vOY","jetpack_sharing_enabled":true,"_links":{"self":[{"href":"https:\/\/eldiariodesanpedro.com.ar\/sitio\/wp-json\/wp\/v2\/posts\/122324","targetHints":{"allow":["GET"]}}],"collection":[{"href":"https:\/\/eldiariodesanpedro.com.ar\/sitio\/wp-json\/wp\/v2\/posts"}],"about":[{"href":"https:\/\/eldiariodesanpedro.com.ar\/sitio\/wp-json\/wp\/v2\/types\/post"}],"author":[{"embeddable":true,"href":"https:\/\/eldiariodesanpedro.com.ar\/sitio\/wp-json\/wp\/v2\/users\/4"}],"replies":[{"embeddable":true,"href":"https:\/\/eldiariodesanpedro.com.ar\/sitio\/wp-json\/wp\/v2\/comments?post=122324"}],"version-history":[{"count":2,"href":"https:\/\/eldiariodesanpedro.com.ar\/sitio\/wp-json\/wp\/v2\/posts\/122324\/revisions"}],"predecessor-version":[{"id":122329,"href":"https:\/\/eldiariodesanpedro.com.ar\/sitio\/wp-json\/wp\/v2\/posts\/122324\/revisions\/122329"}],"wp:featuredmedia":[{"embeddable":true,"href":"https:\/\/eldiariodesanpedro.com.ar\/sitio\/wp-json\/wp\/v2\/media\/122325"}],"wp:attachment":[{"href":"https:\/\/eldiariodesanpedro.com.ar\/sitio\/wp-json\/wp\/v2\/media?parent=122324"}],"wp:term":[{"taxonomy":"category","embeddable":true,"href":"https:\/\/eldiariodesanpedro.com.ar\/sitio\/wp-json\/wp\/v2\/categories?post=122324"},{"taxonomy":"post_tag","embeddable":true,"href":"https:\/\/eldiariodesanpedro.com.ar\/sitio\/wp-json\/wp\/v2\/tags?post=122324"}],"curies":[{"name":"wp","href":"https:\/\/api.w.org\/{rel}","templated":true}]}}