{"id":122321,"date":"2023-09-15T13:19:25","date_gmt":"2023-09-15T16:19:25","guid":{"rendered":"https:\/\/eldiariodesanpedro.com.ar\/sitio\/?p=122321"},"modified":"2023-09-15T13:19:26","modified_gmt":"2023-09-15T16:19:26","slug":"reunion-mensual-de-profesionales-de-salud-mental-para-mejorar-la-atencion-en-centros-de-salud-y-escuelas","status":"publish","type":"post","link":"https:\/\/eldiariodesanpedro.com.ar\/sitio\/reunion-mensual-de-profesionales-de-salud-mental-para-mejorar-la-atencion-en-centros-de-salud-y-escuelas\/","title":{"rendered":"Reuni\u00f3n mensual de profesionales de salud mental para mejorar la atenci\u00f3n en centros de salud y escuelas"},"content":{"rendered":"<!-- VideographyWP Plugin Message: Automatic video embedding prevented by plugin options. -->\n\n<p>Profesionales de Salud Mental y psic\u00f3logos de los centros de salud llevaron a cabo la reuni\u00f3n que se lleva a cabo todos los meses para abordar la agenda que se lleva adelante desde el \u00e1rea dependiente de la Secretar\u00eda de Salud. Uno de los puntos centrales del encuentro gir\u00f3 en torno a los pr\u00f3ximos talleres de salud mental que se implementar\u00e1n en las escuelas a partir de la semana pr\u00f3xima. Adem\u00e1s, se analizaron estrategias para asegurar que estos talleres sean efectivos y beneficien a los estudiantes.<\/p>\n\n\n\n<p>Durante la reuni\u00f3n se abordaron las formas de mejorar la atenci\u00f3n en los centros de salud desde la perspectiva de la salud mental. Los profesionales compartieron ideas y experiencias para garantizar un enfoque m\u00e1s integral y efectivo en el cuidado de la salud mental de los pacientes que acuden a estos centros.<\/p>\n\n\n\n<p>Esta reuni\u00f3n sirvi\u00f3 como un espacio valioso para el intercambio de ideas y la colaboraci\u00f3n entre los profesionales, fomentando la mejora continua de los servicios ofrecidos tanto en los centros de salud como en las instituciones educativas&nbsp;locales.<\/p>\n","protected":false},"excerpt":{"rendered":"<p>Profesionales de Salud Mental y psic\u00f3logos de los centros de salud llevaron a cabo la reuni\u00f3n que se lleva a cabo todos los meses para abordar la agenda que se lleva adelante desde el \u00e1rea dependiente de la Secretar\u00eda de Salud. Uno de los puntos centrales del encuentro gir\u00f3 en torno a los pr\u00f3ximos talleres [&hellip;]<\/p>\n","protected":false},"author":4,"featured_media":122322,"comment_status":"closed","ping_status":"closed","sticky":false,"template":"","format":"standard","meta":{"om_disable_all_campaigns":false,"_jetpack_memberships_contains_paid_content":false,"footnotes":""},"categories":[101,2],"tags":[197,696,33,19],"class_list":["post-122321","post","type-post","status-publish","format-standard","has-post-thumbnail","hentry","category-interes-general-locales","category-locales","tag-buenos-aires","tag-interes-general","tag-locales","tag-san-pedro"],"aioseo_notices":[],"gutentor_comment":0,"jetpack_featured_media_url":"https:\/\/eldiariodesanpedro.com.ar\/sitio\/wp-content\/uploads\/2023\/09\/medida-10.png","jetpack_shortlink":"https:\/\/wp.me\/p6RhLt-vOV","jetpack_sharing_enabled":true,"_links":{"self":[{"href":"https:\/\/eldiariodesanpedro.com.ar\/sitio\/wp-json\/wp\/v2\/posts\/122321","targetHints":{"allow":["GET"]}}],"collection":[{"href":"https:\/\/eldiariodesanpedro.com.ar\/sitio\/wp-json\/wp\/v2\/posts"}],"about":[{"href":"https:\/\/eldiariodesanpedro.com.ar\/sitio\/wp-json\/wp\/v2\/types\/post"}],"author":[{"embeddable":true,"href":"https:\/\/eldiariodesanpedro.com.ar\/sitio\/wp-json\/wp\/v2\/users\/4"}],"replies":[{"embeddable":true,"href":"https:\/\/eldiariodesanpedro.com.ar\/sitio\/wp-json\/wp\/v2\/comments?post=122321"}],"version-history":[{"count":1,"href":"https:\/\/eldiariodesanpedro.com.ar\/sitio\/wp-json\/wp\/v2\/posts\/122321\/revisions"}],"predecessor-version":[{"id":122323,"href":"https:\/\/eldiariodesanpedro.com.ar\/sitio\/wp-json\/wp\/v2\/posts\/122321\/revisions\/122323"}],"wp:featuredmedia":[{"embeddable":true,"href":"https:\/\/eldiariodesanpedro.com.ar\/sitio\/wp-json\/wp\/v2\/media\/122322"}],"wp:attachment":[{"href":"https:\/\/eldiariodesanpedro.com.ar\/sitio\/wp-json\/wp\/v2\/media?parent=122321"}],"wp:term":[{"taxonomy":"category","embeddable":true,"href":"https:\/\/eldiariodesanpedro.com.ar\/sitio\/wp-json\/wp\/v2\/categories?post=122321"},{"taxonomy":"post_tag","embeddable":true,"href":"https:\/\/eldiariodesanpedro.com.ar\/sitio\/wp-json\/wp\/v2\/tags?post=122321"}],"curies":[{"name":"wp","href":"https:\/\/api.w.org\/{rel}","templated":true}]}}