{"id":122314,"date":"2023-09-15T11:34:02","date_gmt":"2023-09-15T14:34:02","guid":{"rendered":"https:\/\/eldiariodesanpedro.com.ar\/sitio\/?p=122314"},"modified":"2023-09-15T11:34:04","modified_gmt":"2023-09-15T14:34:04","slug":"despedida-de-la-delegacion-sampedrina-rumbo-a-los-juegos-bonaerenses-2023","status":"publish","type":"post","link":"https:\/\/eldiariodesanpedro.com.ar\/sitio\/despedida-de-la-delegacion-sampedrina-rumbo-a-los-juegos-bonaerenses-2023\/","title":{"rendered":"Despedida de la delegaci\u00f3n sampedrina rumbo a los Juegos Bonaerenses 2023"},"content":{"rendered":"<!-- VideographyWP Plugin Message: Automatic video embedding prevented by plugin options. -->\n\n<p>En la medianoche del viernes, la delegaci\u00f3n sampedrina parti\u00f3 hacia Mar del Plata, donde nos representar\u00e1 en la fase final de la 32\u00b0 edici\u00f3n de los Juegos Bonaerenses 2023, programada para llevarse a cabo del 15 al 20 de septiembre. Los representantes de San Pedro completar\u00e1n sus acreditaciones el viernes 15, participar\u00e1n en la de la ceremonia inaugural y, a partir del s\u00e1bado 16, comenzar\u00e1n a participar en las diversas disciplinas. Estas actividades marcan el punto culminante de un arduo trabajo que comenz\u00f3 en las etapas locales y regionales, respaldado plenamente por la Direcci\u00f3n de Deportes de la Municipalidad de San Pedro.<\/p>\n\n\n\n<p>La delegaci\u00f3n sampedrina est\u00e1 bajo la direcci\u00f3n del Prof. Mariano Arnal, Director de Deportes, y est\u00e1 compuesta por un total de 290 participantes, acompa\u00f1ados por un equipo de 40 entrenadores, asistentes y delegados, adem\u00e1s de contar con la asistencia de 2 m\u00e9dicos y 1 kinesi\u00f3logo.<\/p>\n\n\n\n<p>El Intendente Municipal, Cecilio Salazar, y funcionarios del gobierno se unieron a los familiares de nuestros representantes en las puertas del Palacio Municipal para despedirlos con entusiasmo.<\/p>\n\n\n\n<p>A lo largo de la competencia compartiremos las actualizaciones, desde el desfile inaugural hasta el cierre, a trav\u00e9s de las redes sociales de la Direcci\u00f3n de Deportes y las oficiales de la\u00a0Municipalidad.<\/p>\n\n\n\n<figure class=\"wp-block-image size-large\"><img decoding=\"async\" width=\"1024\" height=\"576\" data-attachment-id=\"122318\" data-permalink=\"https:\/\/eldiariodesanpedro.com.ar\/sitio\/despedida-de-la-delegacion-sampedrina-rumbo-a-los-juegos-bonaerenses-2023\/imagen-de-whatsapp-2023-09-15-a-las-07-28-44\/\" data-orig-file=\"https:\/\/eldiariodesanpedro.com.ar\/sitio\/wp-content\/uploads\/2023\/09\/Imagen-de-WhatsApp-2023-09-15-a-las-07.28.44.jpg\" data-orig-size=\"1080,607\" data-comments-opened=\"0\" data-image-meta=\"{&quot;aperture&quot;:&quot;0&quot;,&quot;credit&quot;:&quot;&quot;,&quot;camera&quot;:&quot;&quot;,&quot;caption&quot;:&quot;&quot;,&quot;created_timestamp&quot;:&quot;0&quot;,&quot;copyright&quot;:&quot;&quot;,&quot;focal_length&quot;:&quot;0&quot;,&quot;iso&quot;:&quot;0&quot;,&quot;shutter_speed&quot;:&quot;0&quot;,&quot;title&quot;:&quot;&quot;,&quot;orientation&quot;:&quot;0&quot;}\" data-image-title=\"Imagen de WhatsApp 2023-09-15 a las 07.28.44\" data-image-description=\"\" data-image-caption=\"\" data-large-file=\"https:\/\/eldiariodesanpedro.com.ar\/sitio\/wp-content\/uploads\/2023\/09\/Imagen-de-WhatsApp-2023-09-15-a-las-07.28.44-1024x576.jpg\" data-src=\"https:\/\/eldiariodesanpedro.com.ar\/sitio\/wp-content\/uploads\/2023\/09\/Imagen-de-WhatsApp-2023-09-15-a-las-07.28.44-1024x576.jpg\" alt=\"\" class=\"wp-image-122318 lazyload\" data-srcset=\"https:\/\/eldiariodesanpedro.com.ar\/sitio\/wp-content\/uploads\/2023\/09\/Imagen-de-WhatsApp-2023-09-15-a-las-07.28.44-1024x576.jpg 1024w, https:\/\/eldiariodesanpedro.com.ar\/sitio\/wp-content\/uploads\/2023\/09\/Imagen-de-WhatsApp-2023-09-15-a-las-07.28.44-300x169.jpg 300w, https:\/\/eldiariodesanpedro.com.ar\/sitio\/wp-content\/uploads\/2023\/09\/Imagen-de-WhatsApp-2023-09-15-a-las-07.28.44-768x432.jpg 768w, https:\/\/eldiariodesanpedro.com.ar\/sitio\/wp-content\/uploads\/2023\/09\/Imagen-de-WhatsApp-2023-09-15-a-las-07.28.44.jpg 1080w\" data-sizes=\"(max-width: 1024px) 100vw, 1024px\" src=\"data:image\/svg+xml;base64,PHN2ZyB3aWR0aD0iMSIgaGVpZ2h0PSIxIiB4bWxucz0iaHR0cDovL3d3dy53My5vcmcvMjAwMC9zdmciPjwvc3ZnPg==\" style=\"--smush-placeholder-width: 1024px; --smush-placeholder-aspect-ratio: 1024\/576;\" \/><\/figure>\n\n\n\n<figure class=\"wp-block-image size-large\"><img decoding=\"async\" width=\"1024\" height=\"576\" data-attachment-id=\"122317\" data-permalink=\"https:\/\/eldiariodesanpedro.com.ar\/sitio\/despedida-de-la-delegacion-sampedrina-rumbo-a-los-juegos-bonaerenses-2023\/imagen-de-whatsapp-2023-09-15-a-las-07-28-43\/\" data-orig-file=\"https:\/\/eldiariodesanpedro.com.ar\/sitio\/wp-content\/uploads\/2023\/09\/Imagen-de-WhatsApp-2023-09-15-a-las-07.28.43.jpg\" data-orig-size=\"1080,607\" data-comments-opened=\"0\" data-image-meta=\"{&quot;aperture&quot;:&quot;0&quot;,&quot;credit&quot;:&quot;&quot;,&quot;camera&quot;:&quot;&quot;,&quot;caption&quot;:&quot;&quot;,&quot;created_timestamp&quot;:&quot;0&quot;,&quot;copyright&quot;:&quot;&quot;,&quot;focal_length&quot;:&quot;0&quot;,&quot;iso&quot;:&quot;0&quot;,&quot;shutter_speed&quot;:&quot;0&quot;,&quot;title&quot;:&quot;&quot;,&quot;orientation&quot;:&quot;0&quot;}\" data-image-title=\"Imagen de WhatsApp 2023-09-15 a las 07.28.43\" data-image-description=\"\" data-image-caption=\"\" data-large-file=\"https:\/\/eldiariodesanpedro.com.ar\/sitio\/wp-content\/uploads\/2023\/09\/Imagen-de-WhatsApp-2023-09-15-a-las-07.28.43-1024x576.jpg\" data-src=\"https:\/\/eldiariodesanpedro.com.ar\/sitio\/wp-content\/uploads\/2023\/09\/Imagen-de-WhatsApp-2023-09-15-a-las-07.28.43-1024x576.jpg\" alt=\"\" class=\"wp-image-122317 lazyload\" data-srcset=\"https:\/\/eldiariodesanpedro.com.ar\/sitio\/wp-content\/uploads\/2023\/09\/Imagen-de-WhatsApp-2023-09-15-a-las-07.28.43-1024x576.jpg 1024w, https:\/\/eldiariodesanpedro.com.ar\/sitio\/wp-content\/uploads\/2023\/09\/Imagen-de-WhatsApp-2023-09-15-a-las-07.28.43-300x169.jpg 300w, https:\/\/eldiariodesanpedro.com.ar\/sitio\/wp-content\/uploads\/2023\/09\/Imagen-de-WhatsApp-2023-09-15-a-las-07.28.43-768x432.jpg 768w, https:\/\/eldiariodesanpedro.com.ar\/sitio\/wp-content\/uploads\/2023\/09\/Imagen-de-WhatsApp-2023-09-15-a-las-07.28.43.jpg 1080w\" data-sizes=\"(max-width: 1024px) 100vw, 1024px\" src=\"data:image\/svg+xml;base64,PHN2ZyB3aWR0aD0iMSIgaGVpZ2h0PSIxIiB4bWxucz0iaHR0cDovL3d3dy53My5vcmcvMjAwMC9zdmciPjwvc3ZnPg==\" style=\"--smush-placeholder-width: 1024px; --smush-placeholder-aspect-ratio: 1024\/576;\" \/><\/figure>\n","protected":false},"excerpt":{"rendered":"<p>En la medianoche del viernes, la delegaci\u00f3n sampedrina parti\u00f3 hacia Mar del Plata, donde nos representar\u00e1 en la fase final de la 32\u00b0 edici\u00f3n de los Juegos Bonaerenses 2023, programada para llevarse a cabo del 15 al 20 de septiembre. Los representantes de San Pedro completar\u00e1n sus acreditaciones el viernes 15, participar\u00e1n en la de [&hellip;]<\/p>\n","protected":false},"author":4,"featured_media":122316,"comment_status":"closed","ping_status":"closed","sticky":false,"template":"","format":"standard","meta":{"om_disable_all_campaigns":false,"_jetpack_memberships_contains_paid_content":false,"footnotes":""},"categories":[50,101,2],"tags":[197,696,33,19],"class_list":["post-122314","post","type-post","status-publish","format-standard","has-post-thumbnail","hentry","category-destacadas","category-interes-general-locales","category-locales","tag-buenos-aires","tag-interes-general","tag-locales","tag-san-pedro"],"aioseo_notices":[],"gutentor_comment":0,"jetpack_featured_media_url":"https:\/\/eldiariodesanpedro.com.ar\/sitio\/wp-content\/uploads\/2023\/09\/Imagen-de-WhatsApp-2023-09-15-a-las-07.28.42.jpg","jetpack_shortlink":"https:\/\/wp.me\/p6RhLt-vOO","jetpack_sharing_enabled":true,"_links":{"self":[{"href":"https:\/\/eldiariodesanpedro.com.ar\/sitio\/wp-json\/wp\/v2\/posts\/122314","targetHints":{"allow":["GET"]}}],"collection":[{"href":"https:\/\/eldiariodesanpedro.com.ar\/sitio\/wp-json\/wp\/v2\/posts"}],"about":[{"href":"https:\/\/eldiariodesanpedro.com.ar\/sitio\/wp-json\/wp\/v2\/types\/post"}],"author":[{"embeddable":true,"href":"https:\/\/eldiariodesanpedro.com.ar\/sitio\/wp-json\/wp\/v2\/users\/4"}],"replies":[{"embeddable":true,"href":"https:\/\/eldiariodesanpedro.com.ar\/sitio\/wp-json\/wp\/v2\/comments?post=122314"}],"version-history":[{"count":1,"href":"https:\/\/eldiariodesanpedro.com.ar\/sitio\/wp-json\/wp\/v2\/posts\/122314\/revisions"}],"predecessor-version":[{"id":122320,"href":"https:\/\/eldiariodesanpedro.com.ar\/sitio\/wp-json\/wp\/v2\/posts\/122314\/revisions\/122320"}],"wp:featuredmedia":[{"embeddable":true,"href":"https:\/\/eldiariodesanpedro.com.ar\/sitio\/wp-json\/wp\/v2\/media\/122316"}],"wp:attachment":[{"href":"https:\/\/eldiariodesanpedro.com.ar\/sitio\/wp-json\/wp\/v2\/media?parent=122314"}],"wp:term":[{"taxonomy":"category","embeddable":true,"href":"https:\/\/eldiariodesanpedro.com.ar\/sitio\/wp-json\/wp\/v2\/categories?post=122314"},{"taxonomy":"post_tag","embeddable":true,"href":"https:\/\/eldiariodesanpedro.com.ar\/sitio\/wp-json\/wp\/v2\/tags?post=122314"}],"curies":[{"name":"wp","href":"https:\/\/api.w.org\/{rel}","templated":true}]}}