{"id":122292,"date":"2023-09-14T15:43:15","date_gmt":"2023-09-14T18:43:15","guid":{"rendered":"https:\/\/eldiariodesanpedro.com.ar\/sitio\/?p=122292"},"modified":"2023-09-14T15:43:17","modified_gmt":"2023-09-14T18:43:17","slug":"la-camara-de-martilleros-renovara-sus-autoridades-en-la-proxima-reunion","status":"publish","type":"post","link":"https:\/\/eldiariodesanpedro.com.ar\/sitio\/la-camara-de-martilleros-renovara-sus-autoridades-en-la-proxima-reunion\/","title":{"rendered":"La C\u00e1mara de Martilleros renovar\u00e1 sus autoridades en la pr\u00f3xima reuni\u00f3n"},"content":{"rendered":"<!-- VideographyWP Plugin Message: Automatic video embedding prevented by plugin options. -->\n\n<p>La C\u00e1mara de Martilleros y Corredores P\u00fablicos de San Pedro celebr\u00f3 su reuni\u00f3n mensual para abordar diversos temas relacionados con las actividades del sector que representa, as\u00ed como para evaluar el progreso de las gestiones que se est\u00e1n llevando a cabo en diferentes \u00e1mbitos.<\/p>\n\n\n\n<p>Durante la reuni\u00f3n, se discutieron cuestiones importantes, como la promoci\u00f3n de loteos y viviendas a trav\u00e9s de canales no autorizados, enfatizando la necesidad de continuar difundiendo campa\u00f1as de alerta para prevenir posibles estafas y propuestas fraudulentas. Tambi\u00e9n se hizo hincapi\u00e9 en la importancia de mantener un contacto constante con los clientes para proporcionarles el asesoramiento adecuado.<\/p>\n\n\n\n<p>Dada la incertidumbre generada por el contexto pol\u00edtico y econ\u00f3mico, los miembros de la C\u00e1mara acordaron que en la pr\u00f3xima reuni\u00f3n se tratar\u00e1 la renovaci\u00f3n de la Comisi\u00f3n Directiva, establecida en 2021, y se relanzar\u00e1n diversas iniciativas que probablemente requerir\u00e1n una revisi\u00f3n en funci\u00f3n de las condiciones cambiantes del mercado de alquileres, desarrollos y ventas.<\/p>\n","protected":false},"excerpt":{"rendered":"<p>La C\u00e1mara de Martilleros y Corredores P\u00fablicos de San Pedro celebr\u00f3 su reuni\u00f3n mensual para abordar diversos temas relacionados con las actividades del sector que representa, as\u00ed como para evaluar el progreso de las gestiones que se est\u00e1n llevando a cabo en diferentes \u00e1mbitos. Durante la reuni\u00f3n, se discutieron cuestiones importantes, como la promoci\u00f3n de [&hellip;]<\/p>\n","protected":false},"author":4,"featured_media":122293,"comment_status":"closed","ping_status":"closed","sticky":false,"template":"","format":"standard","meta":{"om_disable_all_campaigns":false,"_jetpack_memberships_contains_paid_content":false,"footnotes":""},"categories":[50,101,2],"tags":[197,696,33,19],"class_list":["post-122292","post","type-post","status-publish","format-standard","has-post-thumbnail","hentry","category-destacadas","category-interes-general-locales","category-locales","tag-buenos-aires","tag-interes-general","tag-locales","tag-san-pedro"],"aioseo_notices":[],"gutentor_comment":0,"jetpack_featured_media_url":"https:\/\/eldiariodesanpedro.com.ar\/sitio\/wp-content\/uploads\/2023\/09\/CM_SEPTIEMBRE2023.jpeg","jetpack_shortlink":"https:\/\/wp.me\/p6RhLt-vOs","jetpack_sharing_enabled":true,"_links":{"self":[{"href":"https:\/\/eldiariodesanpedro.com.ar\/sitio\/wp-json\/wp\/v2\/posts\/122292","targetHints":{"allow":["GET"]}}],"collection":[{"href":"https:\/\/eldiariodesanpedro.com.ar\/sitio\/wp-json\/wp\/v2\/posts"}],"about":[{"href":"https:\/\/eldiariodesanpedro.com.ar\/sitio\/wp-json\/wp\/v2\/types\/post"}],"author":[{"embeddable":true,"href":"https:\/\/eldiariodesanpedro.com.ar\/sitio\/wp-json\/wp\/v2\/users\/4"}],"replies":[{"embeddable":true,"href":"https:\/\/eldiariodesanpedro.com.ar\/sitio\/wp-json\/wp\/v2\/comments?post=122292"}],"version-history":[{"count":1,"href":"https:\/\/eldiariodesanpedro.com.ar\/sitio\/wp-json\/wp\/v2\/posts\/122292\/revisions"}],"predecessor-version":[{"id":122294,"href":"https:\/\/eldiariodesanpedro.com.ar\/sitio\/wp-json\/wp\/v2\/posts\/122292\/revisions\/122294"}],"wp:featuredmedia":[{"embeddable":true,"href":"https:\/\/eldiariodesanpedro.com.ar\/sitio\/wp-json\/wp\/v2\/media\/122293"}],"wp:attachment":[{"href":"https:\/\/eldiariodesanpedro.com.ar\/sitio\/wp-json\/wp\/v2\/media?parent=122292"}],"wp:term":[{"taxonomy":"category","embeddable":true,"href":"https:\/\/eldiariodesanpedro.com.ar\/sitio\/wp-json\/wp\/v2\/categories?post=122292"},{"taxonomy":"post_tag","embeddable":true,"href":"https:\/\/eldiariodesanpedro.com.ar\/sitio\/wp-json\/wp\/v2\/tags?post=122292"}],"curies":[{"name":"wp","href":"https:\/\/api.w.org\/{rel}","templated":true}]}}