{"id":12229,"date":"2017-01-04T19:29:17","date_gmt":"2017-01-04T22:29:17","guid":{"rendered":"https:\/\/eldiariodesanpedro.com.ar\/sitio\/?p=12229"},"modified":"2017-01-04T19:29:17","modified_gmt":"2017-01-04T22:29:17","slug":"el-gobierno-impulsa-una-baja-de-la-edad-de-imputabilidad-a-14-anos","status":"publish","type":"post","link":"https:\/\/eldiariodesanpedro.com.ar\/sitio\/el-gobierno-impulsa-una-baja-de-la-edad-de-imputabilidad-a-14-anos\/","title":{"rendered":"El Gobierno impulsa una baja de la edad de imputabilidad a 14 a\u00f1os"},"content":{"rendered":"<p><!-- VideographyWP Plugin Message: Automatic video embedding prevented by plugin options. --><br \/>\n(NA) &#8211; El Gobierno de Mauricio Macri anunci\u00f3 que tiene previsto impulsar un debate sobre la baja de la edad de imputabilidad de 16 a 14 a\u00f1os despu\u00e9s de las elecciones legislativas y despert\u00f3 pol\u00e9mica con repercusiones a favor y en contra.<\/p>\n<p>   El ministro de Justicia, Germ\u00e1n Garavano, asegur\u00f3 que el proyecto de reforma del R\u00e9gimen Penal Juvenil se presentar\u00e1 \u00abreci\u00e9n despu\u00e9s de las elecciones\u00bb legislativas de este a\u00f1o, \u00abpara sacarlo de la l\u00f3gica pol\u00edtica electoral\u00bb.<\/p>\n<p>   Para ello, el Gobierno crear\u00e1 una comisi\u00f3n que analizar\u00e1 la reforma del R\u00e9gimen Penal Juvenil, que estar\u00e1 conformada por un representante del Poder Ejecutivo, jueces, fiscales, expertos en justicia penal juvenil, educaci\u00f3n y salud, as\u00ed como tambi\u00e9n habr\u00e1 participaci\u00f3n de ONGs, se inform\u00f3.<\/p>\n<p>   Garavano subray\u00f3 que se pondr\u00e1 el eje en \u00abel abordaje de los j\u00f3venes, el tratamiento y la posibilidad de inserci\u00f3n escolar y laboral\u00bb, tras advertir que \u00absiempre son mayormente j\u00f3venes los involucrados en el delito\u00bb y que \u00absi se analiza la franja et\u00e1rea en la que se cometen\u00bb los il\u00edcitos \u00abes entre los 14, 15 a\u00f1os y los 28\u00bb.<\/p>\n<p>   \u00abQuisimos que durante este a\u00f1o haya una discusi\u00f3n seria para que el tratamiento legislativo reci\u00e9n sea el a\u00f1o que viene, y no en un a\u00f1o electoral. Quisimos abrir la discusi\u00f3n y la comisi\u00f3n para que trabaje este a\u00f1o y reci\u00e9n despu\u00e9s de las elecciones se presente el proyecto\u00bb, sostuvo.<\/p>\n<p>   En declaraciones a Radio Nacional, el jefe de la cartera judicial afirm\u00f3 que \u00abhay una situaci\u00f3n, sobre todo en la franja de 15 a\u00f1os, que debe ser abordada en la ley\u00bb, pero advirti\u00f3 que el Gobierno est\u00e1 \u00ababierto a construir consensos con UNICEF, los expertos y todo el arco pol\u00edtico, para encontrar una ley que salga de la discusi\u00f3n pol\u00edtica\u00bb.<\/p>\n<p>   Seg\u00fan subray\u00f3, el objetivo del Gobierno es modificar la legislaci\u00f3n vigente que fue \u00abdictada durante la dictadura\u00bb para cambiarla por una norma \u00abbasada en derechos, responsabilidades y obligaciones\u00bb.<\/p>\n<p>   \u00abMedi\u00e1ticamente, el foco se pone en la edad, el problema es mucho m\u00e1s grave y tiene que ver con el abordaje de los j\u00f3venes, el tratamiento, la posibilidad de inserci\u00f3n escolar laboral. En ese eje vamos a trabajar\u00bb, aclar\u00f3 el funcionario.<\/p>\n<p>   La reforma del R\u00e9gimen Penal Juvenil es una discusi\u00f3n que se repiti\u00f3 a lo largo de los \u00faltimos a\u00f1os y en esta oportunidad se produce en momentos en que resuena el asesinato de Brian Aguinaco, de 14 a\u00f1os, en el barrio de Flores, caso por el que hay un menor acusado de dispararle.<\/p>\n<p>   En 2009, la C\u00e1mara de Senadores aprob\u00f3 una ley que bajaba de los actuales 16 a\u00f1os a 14 la edad de imputabilidad, aunque la norma no tuvo adhesi\u00f3n en Diputados y no fue tratada.<\/p>\n<p>   El subsecretario de Pol\u00edtica Criminal, Mart\u00edn Casares, precis\u00f3 que la intenci\u00f3n del Gobierno es bajar a 14 a\u00f1os la edad de imputabilidad \u00aben determinados supuestos de delitos graves, como homicidios, violaciones o robos con armas\u00bb.<\/p>\n<p>   \u00abQueremos poner sobre la mesa es la posibilidad de analizar la baja para 14 a\u00f1os en determinados supuestos de delitos graves, como homicidios, violaciones o robos con armas\u00bb, remarc\u00f3 en declaraciones a radio Nacional.<\/p>\n<p>   Indic\u00f3 que el R\u00e9gimen Penal Juvenil actual data de 1980, fue firmado por Jorge Rafael Videla y \u00abno se adecua a la situaci\u00f3n actual que se vive en el pa\u00eds y en la regi\u00f3n, as\u00ed como tampoco a los est\u00e1ndares de la Convenci\u00f3n de los Derechos del Ni\u00f1o\u00bb.<\/p>\n<p>   Casares subray\u00f3 que la iniciativa apunta a debatir \u00abno s\u00f3lo sobre la edad de imputabilidad, sino que lo novedoso y superador es poner el foco en el tratamiento que se le va a dar a esos menores de edad que tienen un conflicto con ley penal o han cometidos delitos\u00bb.<\/p>\n<p>   \u00abEstamos convencidos de que el sistema de responsabilidad juvenil tiene que ser espec\u00edfico, porque la situaci\u00f3n de ese chico que est\u00e1 creciendo y madurando es muy distinta de la de una persona adulta que toma decisiones con discernimiento y responsabilidad\u00bb, afirm\u00f3 el subsecretario de Pol\u00edtica Criminal.<\/p>\n<p>   Casares llam\u00f3 a poner el eje en las \u00abmedidas socioeducativas que se le van a brindar a esos chicos para que puedan integrarse a la sociedad\u00bb.<\/p>\n<p>   \u00abEl rol de la pena debe ser integrar al chico a la sociedad para que pueda desarrollarse, es decir que pueda comprender la responsabilidad del hecho que cometi\u00f3, pero es m\u00e1s bien una finalidad de tipo preventivo\u00bb, agreg\u00f3 el funcionario.<\/p>\n","protected":false},"excerpt":{"rendered":"<p>(NA) &#8211; El Gobierno de Mauricio Macri anunci\u00f3 que tiene previsto impulsar un debate sobre la baja de la edad de imputabilidad de 16 a 14 a\u00f1os despu\u00e9s de las elecciones legislativas y despert\u00f3 pol\u00e9mica con repercusiones a favor y en contra. El ministro de Justicia, Germ\u00e1n Garavano, asegur\u00f3 que el proyecto de reforma del [&hellip;]<\/p>\n","protected":false},"author":4,"featured_media":12230,"comment_status":"open","ping_status":"closed","sticky":false,"template":"","format":"standard","meta":{"om_disable_all_campaigns":false,"_jetpack_memberships_contains_paid_content":false,"footnotes":""},"categories":[3],"tags":[],"class_list":["post-12229","post","type-post","status-publish","format-standard","has-post-thumbnail","hentry","category-nacionales"],"aioseo_notices":[],"gutentor_comment":0,"jetpack_featured_media_url":"https:\/\/eldiariodesanpedro.com.ar\/sitio\/wp-content\/uploads\/2017\/01\/Edad-imputabilidad.jpg","jetpack_shortlink":"https:\/\/wp.me\/p6RhLt-3bf","jetpack_sharing_enabled":true,"_links":{"self":[{"href":"https:\/\/eldiariodesanpedro.com.ar\/sitio\/wp-json\/wp\/v2\/posts\/12229","targetHints":{"allow":["GET"]}}],"collection":[{"href":"https:\/\/eldiariodesanpedro.com.ar\/sitio\/wp-json\/wp\/v2\/posts"}],"about":[{"href":"https:\/\/eldiariodesanpedro.com.ar\/sitio\/wp-json\/wp\/v2\/types\/post"}],"author":[{"embeddable":true,"href":"https:\/\/eldiariodesanpedro.com.ar\/sitio\/wp-json\/wp\/v2\/users\/4"}],"replies":[{"embeddable":true,"href":"https:\/\/eldiariodesanpedro.com.ar\/sitio\/wp-json\/wp\/v2\/comments?post=12229"}],"version-history":[{"count":1,"href":"https:\/\/eldiariodesanpedro.com.ar\/sitio\/wp-json\/wp\/v2\/posts\/12229\/revisions"}],"predecessor-version":[{"id":12231,"href":"https:\/\/eldiariodesanpedro.com.ar\/sitio\/wp-json\/wp\/v2\/posts\/12229\/revisions\/12231"}],"wp:featuredmedia":[{"embeddable":true,"href":"https:\/\/eldiariodesanpedro.com.ar\/sitio\/wp-json\/wp\/v2\/media\/12230"}],"wp:attachment":[{"href":"https:\/\/eldiariodesanpedro.com.ar\/sitio\/wp-json\/wp\/v2\/media?parent=12229"}],"wp:term":[{"taxonomy":"category","embeddable":true,"href":"https:\/\/eldiariodesanpedro.com.ar\/sitio\/wp-json\/wp\/v2\/categories?post=12229"},{"taxonomy":"post_tag","embeddable":true,"href":"https:\/\/eldiariodesanpedro.com.ar\/sitio\/wp-json\/wp\/v2\/tags?post=12229"}],"curies":[{"name":"wp","href":"https:\/\/api.w.org\/{rel}","templated":true}]}}