{"id":122289,"date":"2023-09-14T15:15:16","date_gmt":"2023-09-14T18:15:16","guid":{"rendered":"https:\/\/eldiariodesanpedro.com.ar\/sitio\/?p=122289"},"modified":"2023-09-14T15:15:18","modified_gmt":"2023-09-14T18:15:18","slug":"un-joven-aprehendido-por-golpear-con-un-hierro-a-su-padre","status":"publish","type":"post","link":"https:\/\/eldiariodesanpedro.com.ar\/sitio\/un-joven-aprehendido-por-golpear-con-un-hierro-a-su-padre\/","title":{"rendered":"Un joven aprehendido por golpear con un hierro a su padre"},"content":{"rendered":"<!-- VideographyWP Plugin Message: Automatic video embedding prevented by plugin options. -->\n\n<p>En el d\u00eda de ayer, siendo las 19:40 horas, el personal policial acudi\u00f3 a un llamado en calle Laprida y Crucero General Belgrano donde procedi\u00f3 a la aprehensi\u00f3n de un joven de 20 a\u00f1os de edad quien momentos antes hab\u00eda amenazado y agredido f\u00edsicamente a su padre &nbsp;de 57 con un tubo de hierro.<\/p>\n\n\n\n<p>El mismo fue notificado de la formaci\u00f3n de la causa&nbsp; y permanece alojado en esta Dependencia a la espera de ser indagado por la fiscal\u00eda en turno. &nbsp;<\/p>\n","protected":false},"excerpt":{"rendered":"<p>En el d\u00eda de ayer, siendo las 19:40 horas, el personal policial acudi\u00f3 a un llamado en calle Laprida y Crucero General Belgrano donde procedi\u00f3 a la aprehensi\u00f3n de un joven de 20 a\u00f1os de edad quien momentos antes hab\u00eda amenazado y agredido f\u00edsicamente a su padre &nbsp;de 57 con un tubo de hierro. El [&hellip;]<\/p>\n","protected":false},"author":4,"featured_media":122290,"comment_status":"closed","ping_status":"closed","sticky":false,"template":"","format":"standard","meta":{"om_disable_all_campaigns":false,"_jetpack_memberships_contains_paid_content":false,"footnotes":""},"categories":[2,103],"tags":[197,696,33,19],"class_list":["post-122289","post","type-post","status-publish","format-standard","has-post-thumbnail","hentry","category-locales","category-policiales-locales","tag-buenos-aires","tag-interes-general","tag-locales","tag-san-pedro"],"aioseo_notices":[],"gutentor_comment":0,"jetpack_featured_media_url":"https:\/\/eldiariodesanpedro.com.ar\/sitio\/wp-content\/uploads\/2023\/09\/medida-9.png","jetpack_shortlink":"https:\/\/wp.me\/p6RhLt-vOp","jetpack_sharing_enabled":true,"_links":{"self":[{"href":"https:\/\/eldiariodesanpedro.com.ar\/sitio\/wp-json\/wp\/v2\/posts\/122289","targetHints":{"allow":["GET"]}}],"collection":[{"href":"https:\/\/eldiariodesanpedro.com.ar\/sitio\/wp-json\/wp\/v2\/posts"}],"about":[{"href":"https:\/\/eldiariodesanpedro.com.ar\/sitio\/wp-json\/wp\/v2\/types\/post"}],"author":[{"embeddable":true,"href":"https:\/\/eldiariodesanpedro.com.ar\/sitio\/wp-json\/wp\/v2\/users\/4"}],"replies":[{"embeddable":true,"href":"https:\/\/eldiariodesanpedro.com.ar\/sitio\/wp-json\/wp\/v2\/comments?post=122289"}],"version-history":[{"count":1,"href":"https:\/\/eldiariodesanpedro.com.ar\/sitio\/wp-json\/wp\/v2\/posts\/122289\/revisions"}],"predecessor-version":[{"id":122291,"href":"https:\/\/eldiariodesanpedro.com.ar\/sitio\/wp-json\/wp\/v2\/posts\/122289\/revisions\/122291"}],"wp:featuredmedia":[{"embeddable":true,"href":"https:\/\/eldiariodesanpedro.com.ar\/sitio\/wp-json\/wp\/v2\/media\/122290"}],"wp:attachment":[{"href":"https:\/\/eldiariodesanpedro.com.ar\/sitio\/wp-json\/wp\/v2\/media?parent=122289"}],"wp:term":[{"taxonomy":"category","embeddable":true,"href":"https:\/\/eldiariodesanpedro.com.ar\/sitio\/wp-json\/wp\/v2\/categories?post=122289"},{"taxonomy":"post_tag","embeddable":true,"href":"https:\/\/eldiariodesanpedro.com.ar\/sitio\/wp-json\/wp\/v2\/tags?post=122289"}],"curies":[{"name":"wp","href":"https:\/\/api.w.org\/{rel}","templated":true}]}}