{"id":122268,"date":"2023-09-14T13:34:28","date_gmt":"2023-09-14T16:34:28","guid":{"rendered":"https:\/\/eldiariodesanpedro.com.ar\/sitio\/?p=122268"},"modified":"2023-09-14T13:34:30","modified_gmt":"2023-09-14T16:34:30","slug":"allanamiento-en-una-vivienda-en-la-zona-del-pro-ciclismo","status":"publish","type":"post","link":"https:\/\/eldiariodesanpedro.com.ar\/sitio\/allanamiento-en-una-vivienda-en-la-zona-del-pro-ciclismo\/","title":{"rendered":"Allanamiento en una vivienda en la zona del Pro Ciclismo"},"content":{"rendered":"<!-- VideographyWP Plugin Message: Automatic video embedding prevented by plugin options. -->\n\n<p>En el d\u00eda de ayer, en horas de la tarde, el personal del grupo t\u00e1ctico operativo de la comisar\u00eda local realizo una diligencia de allanamiento en un domicilio ubicado en el camino real al pro ciclismo, en virtud de sustracciones de moto veh\u00edculos en nuestra donde se procedi\u00f3 al secuestro de una escopeta calibre 16 y dos chapas patentes pertenecientes a dos rodados con pedido de secuestro.<br>En la vivienda reside un masculino de 43 a\u00f1os de edad que fue puesto a disposici\u00f3n de la justicia y notificado de la formaci\u00f3n de la causa. &nbsp;&nbsp;&nbsp;&nbsp;&nbsp;<\/p>\n","protected":false},"excerpt":{"rendered":"<p>En el d\u00eda de ayer, en horas de la tarde, el personal del grupo t\u00e1ctico operativo de la comisar\u00eda local realizo una diligencia de allanamiento en un domicilio ubicado en el camino real al pro ciclismo, en virtud de sustracciones de moto veh\u00edculos en nuestra donde se procedi\u00f3 al secuestro de una escopeta calibre 16 [&hellip;]<\/p>\n","protected":false},"author":4,"featured_media":122269,"comment_status":"closed","ping_status":"closed","sticky":false,"template":"","format":"standard","meta":{"om_disable_all_campaigns":false,"_jetpack_memberships_contains_paid_content":false,"footnotes":""},"categories":[50,101,2],"tags":[197,33,95,19],"class_list":["post-122268","post","type-post","status-publish","format-standard","has-post-thumbnail","hentry","category-destacadas","category-interes-general-locales","category-locales","tag-buenos-aires","tag-locales","tag-policiales","tag-san-pedro"],"aioseo_notices":[],"gutentor_comment":0,"jetpack_featured_media_url":"https:\/\/eldiariodesanpedro.com.ar\/sitio\/wp-content\/uploads\/2023\/09\/medida-8.png","jetpack_shortlink":"https:\/\/wp.me\/p6RhLt-vO4","jetpack_sharing_enabled":true,"_links":{"self":[{"href":"https:\/\/eldiariodesanpedro.com.ar\/sitio\/wp-json\/wp\/v2\/posts\/122268","targetHints":{"allow":["GET"]}}],"collection":[{"href":"https:\/\/eldiariodesanpedro.com.ar\/sitio\/wp-json\/wp\/v2\/posts"}],"about":[{"href":"https:\/\/eldiariodesanpedro.com.ar\/sitio\/wp-json\/wp\/v2\/types\/post"}],"author":[{"embeddable":true,"href":"https:\/\/eldiariodesanpedro.com.ar\/sitio\/wp-json\/wp\/v2\/users\/4"}],"replies":[{"embeddable":true,"href":"https:\/\/eldiariodesanpedro.com.ar\/sitio\/wp-json\/wp\/v2\/comments?post=122268"}],"version-history":[{"count":1,"href":"https:\/\/eldiariodesanpedro.com.ar\/sitio\/wp-json\/wp\/v2\/posts\/122268\/revisions"}],"predecessor-version":[{"id":122270,"href":"https:\/\/eldiariodesanpedro.com.ar\/sitio\/wp-json\/wp\/v2\/posts\/122268\/revisions\/122270"}],"wp:featuredmedia":[{"embeddable":true,"href":"https:\/\/eldiariodesanpedro.com.ar\/sitio\/wp-json\/wp\/v2\/media\/122269"}],"wp:attachment":[{"href":"https:\/\/eldiariodesanpedro.com.ar\/sitio\/wp-json\/wp\/v2\/media?parent=122268"}],"wp:term":[{"taxonomy":"category","embeddable":true,"href":"https:\/\/eldiariodesanpedro.com.ar\/sitio\/wp-json\/wp\/v2\/categories?post=122268"},{"taxonomy":"post_tag","embeddable":true,"href":"https:\/\/eldiariodesanpedro.com.ar\/sitio\/wp-json\/wp\/v2\/tags?post=122268"}],"curies":[{"name":"wp","href":"https:\/\/api.w.org\/{rel}","templated":true}]}}