{"id":122261,"date":"2023-09-14T12:47:07","date_gmt":"2023-09-14T15:47:07","guid":{"rendered":"https:\/\/eldiariodesanpedro.com.ar\/sitio\/?p=122261"},"modified":"2023-09-14T12:47:09","modified_gmt":"2023-09-14T15:47:09","slug":"nueva-edicion-de-mercados-bonaerenses-este-sabado-desde-las-10-en-plaza-constitucion","status":"publish","type":"post","link":"https:\/\/eldiariodesanpedro.com.ar\/sitio\/nueva-edicion-de-mercados-bonaerenses-este-sabado-desde-las-10-en-plaza-constitucion\/","title":{"rendered":"Nueva edici\u00f3n de Mercados Bonaerenses este s\u00e1bado desde las 10 en Plaza Constituci\u00f3n"},"content":{"rendered":"<!-- VideographyWP Plugin Message: Automatic video embedding prevented by plugin options. -->\n\n<p>Se acerca una nueva edici\u00f3n de Mercados Bonaerenses, la actividad que lleva a cabo el Ministerio Desarrollo Agrario de la provincia de Buenos Aires junto a la Municipalidad de San Pedro se desarrollar\u00e1 el s\u00e1bado 16 de septiembre de 10 a 18 horas en la Plaza Constituci\u00f3n, entre las calles Mitre y Pellegrini.<\/p>\n\n\n\n<p>En el lugar se establecer\u00e1n puestos de mermeladas caseras, frutas y verduras, panificaci\u00f3n dulce y salada, frutos secos, chocolater\u00eda, conservas de vegetales, quesos y embutidos y otros productos con el objetivo de promover el desarrollo de canales alternativos de comercializaci\u00f3n, garantizar a los vecinos y las vecinas de San Pedro el acceso a una oferta variada de alimentos, impulsar la producci\u00f3n de nuestra ciudad y crear una red de productores y productoras a nivel local, regional y provincial.<\/p>\n\n\n\n<p>Adem\u00e1s, nos visitar\u00e1 el cami\u00f3n de pastas y l\u00e1cteos junto al de pescados de la provincia con descuento del 40% con Cuenta DNI y 35% con cuenta BNA del Banco Naci\u00f3n.<\/p>\n\n\n\n<p>Aquellos productores o productoras que deseen participar de la pr\u00f3xima feria en septiembre pueden inscribirse a trav\u00e9s del siguiente link: <a href=\"https:\/\/bit.ly\/3Lyx0O6\">https:\/\/bit.ly\/3Lyx0O6<\/a><\/p>\n\n\n\n<figure class=\"wp-block-image size-full\"><img decoding=\"async\" width=\"752\" height=\"630\" data-attachment-id=\"122262\" data-permalink=\"https:\/\/eldiariodesanpedro.com.ar\/sitio\/nueva-edicion-de-mercados-bonaerenses-este-sabado-desde-las-10-en-plaza-constitucion\/imagen-de-whatsapp-2023-09-14-a-las-12-43-23\/\" data-orig-file=\"https:\/\/eldiariodesanpedro.com.ar\/sitio\/wp-content\/uploads\/2023\/09\/Imagen-de-WhatsApp-2023-09-14-a-las-12.43.23.jpg\" data-orig-size=\"752,630\" data-comments-opened=\"0\" data-image-meta=\"{&quot;aperture&quot;:&quot;0&quot;,&quot;credit&quot;:&quot;&quot;,&quot;camera&quot;:&quot;&quot;,&quot;caption&quot;:&quot;&quot;,&quot;created_timestamp&quot;:&quot;0&quot;,&quot;copyright&quot;:&quot;&quot;,&quot;focal_length&quot;:&quot;0&quot;,&quot;iso&quot;:&quot;0&quot;,&quot;shutter_speed&quot;:&quot;0&quot;,&quot;title&quot;:&quot;&quot;,&quot;orientation&quot;:&quot;0&quot;}\" data-image-title=\"Imagen de WhatsApp 2023-09-14 a las 12.43.23\" data-image-description=\"\" data-image-caption=\"\" data-large-file=\"https:\/\/eldiariodesanpedro.com.ar\/sitio\/wp-content\/uploads\/2023\/09\/Imagen-de-WhatsApp-2023-09-14-a-las-12.43.23.jpg\" data-src=\"https:\/\/eldiariodesanpedro.com.ar\/sitio\/wp-content\/uploads\/2023\/09\/Imagen-de-WhatsApp-2023-09-14-a-las-12.43.23.jpg\" alt=\"\" class=\"wp-image-122262 lazyload\" data-srcset=\"https:\/\/eldiariodesanpedro.com.ar\/sitio\/wp-content\/uploads\/2023\/09\/Imagen-de-WhatsApp-2023-09-14-a-las-12.43.23.jpg 752w, https:\/\/eldiariodesanpedro.com.ar\/sitio\/wp-content\/uploads\/2023\/09\/Imagen-de-WhatsApp-2023-09-14-a-las-12.43.23-300x251.jpg 300w\" data-sizes=\"(max-width: 752px) 100vw, 752px\" src=\"data:image\/svg+xml;base64,PHN2ZyB3aWR0aD0iMSIgaGVpZ2h0PSIxIiB4bWxucz0iaHR0cDovL3d3dy53My5vcmcvMjAwMC9zdmciPjwvc3ZnPg==\" style=\"--smush-placeholder-width: 752px; --smush-placeholder-aspect-ratio: 752\/630;\" \/><\/figure>\n","protected":false},"excerpt":{"rendered":"<p>Se acerca una nueva edici\u00f3n de Mercados Bonaerenses, la actividad que lleva a cabo el Ministerio Desarrollo Agrario de la provincia de Buenos Aires junto a la Municipalidad de San Pedro se desarrollar\u00e1 el s\u00e1bado 16 de septiembre de 10 a 18 horas en la Plaza Constituci\u00f3n, entre las calles Mitre y Pellegrini. En el [&hellip;]<\/p>\n","protected":false},"author":4,"featured_media":108475,"comment_status":"closed","ping_status":"closed","sticky":false,"template":"","format":"standard","meta":{"om_disable_all_campaigns":false,"_jetpack_memberships_contains_paid_content":false,"footnotes":""},"categories":[101,2],"tags":[197,33,95,19],"class_list":["post-122261","post","type-post","status-publish","format-standard","has-post-thumbnail","hentry","category-interes-general-locales","category-locales","tag-buenos-aires","tag-locales","tag-policiales","tag-san-pedro"],"aioseo_notices":[],"gutentor_comment":0,"jetpack_featured_media_url":"https:\/\/eldiariodesanpedro.com.ar\/sitio\/wp-content\/uploads\/2022\/06\/mercados.jpg","jetpack_shortlink":"https:\/\/wp.me\/p6RhLt-vNX","jetpack_sharing_enabled":true,"_links":{"self":[{"href":"https:\/\/eldiariodesanpedro.com.ar\/sitio\/wp-json\/wp\/v2\/posts\/122261","targetHints":{"allow":["GET"]}}],"collection":[{"href":"https:\/\/eldiariodesanpedro.com.ar\/sitio\/wp-json\/wp\/v2\/posts"}],"about":[{"href":"https:\/\/eldiariodesanpedro.com.ar\/sitio\/wp-json\/wp\/v2\/types\/post"}],"author":[{"embeddable":true,"href":"https:\/\/eldiariodesanpedro.com.ar\/sitio\/wp-json\/wp\/v2\/users\/4"}],"replies":[{"embeddable":true,"href":"https:\/\/eldiariodesanpedro.com.ar\/sitio\/wp-json\/wp\/v2\/comments?post=122261"}],"version-history":[{"count":1,"href":"https:\/\/eldiariodesanpedro.com.ar\/sitio\/wp-json\/wp\/v2\/posts\/122261\/revisions"}],"predecessor-version":[{"id":122263,"href":"https:\/\/eldiariodesanpedro.com.ar\/sitio\/wp-json\/wp\/v2\/posts\/122261\/revisions\/122263"}],"wp:featuredmedia":[{"embeddable":true,"href":"https:\/\/eldiariodesanpedro.com.ar\/sitio\/wp-json\/wp\/v2\/media\/108475"}],"wp:attachment":[{"href":"https:\/\/eldiariodesanpedro.com.ar\/sitio\/wp-json\/wp\/v2\/media?parent=122261"}],"wp:term":[{"taxonomy":"category","embeddable":true,"href":"https:\/\/eldiariodesanpedro.com.ar\/sitio\/wp-json\/wp\/v2\/categories?post=122261"},{"taxonomy":"post_tag","embeddable":true,"href":"https:\/\/eldiariodesanpedro.com.ar\/sitio\/wp-json\/wp\/v2\/tags?post=122261"}],"curies":[{"name":"wp","href":"https:\/\/api.w.org\/{rel}","templated":true}]}}