{"id":12226,"date":"2017-01-04T19:27:09","date_gmt":"2017-01-04T22:27:09","guid":{"rendered":"https:\/\/eldiariodesanpedro.com.ar\/sitio\/?p=12226"},"modified":"2026-01-23T23:21:01","modified_gmt":"2026-01-24T02:21:01","slug":"el-gobierno-reforzo-la-ayuda-para-combatir-el-incendio-en-la-pampa","status":"publish","type":"post","link":"https:\/\/eldiariodesanpedro.com.ar\/sitio\/el-gobierno-reforzo-la-ayuda-para-combatir-el-incendio-en-la-pampa\/","title":{"rendered":"El Gobierno reforz\u00f3 la ayuda para combatir el incendio en La Pampa"},"content":{"rendered":"<p><!-- VideographyWP Plugin Message: Automatic video embedding prevented by plugin options. --><br \/>\n(Infobae) &#8211; Llegar\u00e1n un cami\u00f3n 4\u00d74 con equipamiento para 40 brigadistas, equipos de comunicaci\u00f3n, mochilas de agua y otros instrumentos para luchar contra el fuego.<\/p>\n<p>   Un equipo de 25 brigadistas del Servicio Nacional de Manejo del Fuego (SNMF), del Ministerio de Ambiente y Desarrollo Sustentable de la Naci\u00f3n encabezado por Sergio Bergman, sigue trabajando en el combate del incendio forestal en La Adela, La Pampa, en apoyo a bomberos voluntarios de la zona, Defensa Civil y brigadistas del Plan Provincial.<\/p>\n<p>   \u00abEstamos presentes en los incendios de La Pampa, con nuestro regional, desde el primer d\u00eda, y contamos con brigadistas y la asistencia de dos helic\u00f3pteros, un avi\u00f3n observador y otro hidrante en el lugar\u00bb, asegur\u00f3 Guillermo Barisone, director nacional del SNMF.<\/p>\n<p>   Barisone agreg\u00f3 que hoy estar\u00e1 llegando a La Pampa otra unidad de apoyo log\u00edstico que consiste en un cami\u00f3n 4\u00d74, con equipamiento para 40 brigadistas: equipos de comunicaci\u00f3n, mochilas de agua y otros instrumentos para combatir el fuego: \u00abIncluso est\u00e1 provisto de dos centrales meteorol\u00f3gicas m\u00f3viles\u00bb, detall\u00f3.<\/p>\n<p>   El personal del SNMF que trabaja en el lugar cuenta con seis m\u00f3viles 4\u00d74 y un cuatriciclo de gran porte: \u00abComo estos incendios se mueven entre 10 y 20 km por hora es importante contar con estos veh\u00edculos r\u00e1pidos\u00bb, afirm\u00f3 el director del SNMF.<\/p>\n<p>   Barisone explic\u00f3 que \u00abla modalidad de trabajo es con cortafuegos, que es la \u00fanica posible en este tipo de incendios que presenta comportamiento extremo\u00bb y a\u00f1adi\u00f3 que lo que se hace es \u00abbuscar alguna picada y trabajar ese camino quem\u00e1ndolo, ampli\u00e1ndolo con fuego controlado que se va apagando para evitar que cuando las llamas alcancen el lugar crucen hacia el otro lado\u00bb.<\/p>\n<p>   \u00abLas caracter\u00edsticas de este tipo de eventos son muy dif\u00edciles para trabajar con un avi\u00f3n hoy (por ayer), porque los vientos rondan los 50 km\/h con alguna r\u00e1faga de 60 o 70. Por eso en este momento se est\u00e1 volando con un helic\u00f3ptero como observador (hay dos) y no con el avi\u00f3n hidrante\u00bb, expres\u00f3 Barisone.<\/p>\n<p>   El incendio que arras\u00f3 con miles de hect\u00e1reas en el sudeste de La Pampa, que permanec\u00eda activo, super\u00f3 el l\u00edmite con la provincia de Buenos Aires y alcanzaba las proximidades de la localidad bonaerense de Algarrobo, mientras afectaba la circulaci\u00f3n de la ruta nacional 22.<\/p>\n<p>   El director de Defensa Civil de La Pampa, Luis Clara, manifest\u00f3 que cuatro focos permanecen activos y sostuvo que est\u00e1n \u00abcontrolados en el sur de la provincia\u00bb aunque admiti\u00f3 que \u00abel viento fuerte que hubo ayer (por el martes) y el de hoy (ayer), que es m\u00e1s fuerte, nos complica para poder trabajar\u00bb.<\/p>\n<p>   En un comunicado, el Ministerio de Seguridad provincial, a cargo de Juan Carlos Tierno, inform\u00f3: \u00abLas llamas producidas en La Adela se estar\u00edan trasladando hacia la zona de Jacinto Arauz y General San Mart\u00edn. Las rutas nacionales 35 y 154 se pueden transitar con normalidad.<br \/>\n Por la ruta (nacional) 22 se debe circular con precauci\u00f3n a la altura del puesto caminero debido a la intensa presencia de humo\u00bb.<\/p>\n<p>   Legisladores provinciales de La Pampa de Cambiemos reclamaron al gobernador justicialista Carlos Verna que declare la emergencia agropecuaria, porque los incendios \u00abarruinaron la producci\u00f3n\u00bb en las zonas afectadas y pidieron que solicite a la Naci\u00f3n una medida en ese sentido.<\/p>\n","protected":false},"excerpt":{"rendered":"<p>(Infobae) &#8211; Llegar\u00e1n un cami\u00f3n 4\u00d74 con equipamiento para 40 brigadistas, equipos de comunicaci\u00f3n, mochilas de agua y otros instrumentos para luchar contra el fuego. Un equipo de 25 brigadistas del Servicio Nacional de Manejo del Fuego (SNMF), del Ministerio de Ambiente y Desarrollo Sustentable de la Naci\u00f3n encabezado por Sergio Bergman, sigue trabajando en [&hellip;]<\/p>\n","protected":false},"author":4,"featured_media":12227,"comment_status":"open","ping_status":"closed","sticky":false,"template":"","format":"standard","meta":{"om_disable_all_campaigns":false,"_jetpack_memberships_contains_paid_content":false,"footnotes":""},"categories":[3],"tags":[],"class_list":["post-12226","post","type-post","status-publish","format-standard","has-post-thumbnail","hentry","category-nacionales"],"aioseo_notices":[],"gutentor_comment":0,"jetpack_featured_media_url":"https:\/\/eldiariodesanpedro.com.ar\/sitio\/wp-content\/uploads\/2017\/01\/Incendio-La-Pampa.jpg","jetpack_shortlink":"https:\/\/wp.me\/p6RhLt-3bc","jetpack_sharing_enabled":true,"_links":{"self":[{"href":"https:\/\/eldiariodesanpedro.com.ar\/sitio\/wp-json\/wp\/v2\/posts\/12226","targetHints":{"allow":["GET"]}}],"collection":[{"href":"https:\/\/eldiariodesanpedro.com.ar\/sitio\/wp-json\/wp\/v2\/posts"}],"about":[{"href":"https:\/\/eldiariodesanpedro.com.ar\/sitio\/wp-json\/wp\/v2\/types\/post"}],"author":[{"embeddable":true,"href":"https:\/\/eldiariodesanpedro.com.ar\/sitio\/wp-json\/wp\/v2\/users\/4"}],"replies":[{"embeddable":true,"href":"https:\/\/eldiariodesanpedro.com.ar\/sitio\/wp-json\/wp\/v2\/comments?post=12226"}],"version-history":[{"count":1,"href":"https:\/\/eldiariodesanpedro.com.ar\/sitio\/wp-json\/wp\/v2\/posts\/12226\/revisions"}],"predecessor-version":[{"id":12228,"href":"https:\/\/eldiariodesanpedro.com.ar\/sitio\/wp-json\/wp\/v2\/posts\/12226\/revisions\/12228"}],"wp:featuredmedia":[{"embeddable":true,"href":"https:\/\/eldiariodesanpedro.com.ar\/sitio\/wp-json\/wp\/v2\/media\/12227"}],"wp:attachment":[{"href":"https:\/\/eldiariodesanpedro.com.ar\/sitio\/wp-json\/wp\/v2\/media?parent=12226"}],"wp:term":[{"taxonomy":"category","embeddable":true,"href":"https:\/\/eldiariodesanpedro.com.ar\/sitio\/wp-json\/wp\/v2\/categories?post=12226"},{"taxonomy":"post_tag","embeddable":true,"href":"https:\/\/eldiariodesanpedro.com.ar\/sitio\/wp-json\/wp\/v2\/tags?post=12226"}],"curies":[{"name":"wp","href":"https:\/\/api.w.org\/{rel}","templated":true}]}}