{"id":122249,"date":"2023-09-14T12:01:18","date_gmt":"2023-09-14T15:01:18","guid":{"rendered":"https:\/\/eldiariodesanpedro.com.ar\/sitio\/?p=122249"},"modified":"2023-09-14T12:01:20","modified_gmt":"2023-09-14T15:01:20","slug":"caso-naiara-rastrillaron-el-riacho-en-busca-de-la-moto-perteneciente-a-la-joven","status":"publish","type":"post","link":"https:\/\/eldiariodesanpedro.com.ar\/sitio\/caso-naiara-rastrillaron-el-riacho-en-busca-de-la-moto-perteneciente-a-la-joven\/","title":{"rendered":"Caso Naiara: Rastrillaron el riacho en busca de la moto perteneciente a la j\u00f3ven"},"content":{"rendered":"<!-- VideographyWP Plugin Message: Automatic video embedding prevented by plugin options. -->\n\n<p>Personal de Prefectura encabez\u00f3 las tareas en el mismo lugar donde apareci\u00f3 la mujer asesinada. Los resultados del mismo fueron negativos.<\/p>\n\n\n\n<p>Durante la tarde del martes se realizaron nuevas tareas vinculadas a la investigaci\u00f3n trazada en torno al asesinato de Naiara Dur\u00e1n.<\/p>\n\n\n\n<p>En esta oportunidad se ordenaron diligencias relacionadas con el faltante de la moto en la que se movilizaba la joven de 25 a\u00f1os.<\/p>\n\n\n\n<p>En este caso los trabajos fueron encabezados por el personal de Prefectura San Pedro a cargo del Prefecto Yamil Casas, quienes estuvieron abocados al rastrillaje del Riacho San Pedro. El objetivo era el de poder ubicar el rodado Gilera Smash 110 de color rojo debido a que las sospechas est\u00e1n centradas en que el veh\u00edculo fue arrojado al riacho en el mismo lugar en el que fue encontrado el cuerpo. M\u00e1s a\u00fan si se tiene en cuenta que es un sector irregular de la costa pero de f\u00e1cil acceso al riacho.<\/p>\n\n\n\n<p>Las tareas de b\u00fasqueda se efectuaron desde el mediod\u00eda y hasta despu\u00e9s de las 17 horas, en un radio de 500 metros aproximadamente teniendo como referencia el sector en donde apareci\u00f3 flotando el tambor de 200 litros con el cuerpo de la v\u00edctima en su interior.<\/p>\n\n\n\n<p>En este caso la b\u00fasqueda arroj\u00f3 resultados negativos aunque no se descarta que se ordenen nuevas tareas en la misma zona.<\/p>\n\n\n\n<p>La moto es una de las inc\u00f3gnitas que a\u00fan presenta la causa ya que nunca m\u00e1s fue ubicada y tampoco existen rastros que permitan establecer c\u00f3mo sali\u00f3 de la casa de Primera Junta y Bottaro.<\/p>\n\n\n\n<p>La tarde del domingo 13 de agosto las c\u00e1maras del Centro de Monitoreo ubicaron a Naiara Dur\u00e1n circulando en ese rodado que es el mismo con el que arriba a la casa de la familia Franco pasadas las 16 horas pero se advierte que de all\u00ed no sali\u00f3 m\u00e1s.<\/p>\n","protected":false},"excerpt":{"rendered":"<p>Personal de Prefectura encabez\u00f3 las tareas en el mismo lugar donde apareci\u00f3 la mujer asesinada. Los resultados del mismo fueron negativos. Durante la tarde del martes se realizaron nuevas tareas vinculadas a la investigaci\u00f3n trazada en torno al asesinato de Naiara Dur\u00e1n. En esta oportunidad se ordenaron diligencias relacionadas con el faltante de la moto [&hellip;]<\/p>\n","protected":false},"author":4,"featured_media":122250,"comment_status":"closed","ping_status":"closed","sticky":false,"template":"","format":"standard","meta":{"om_disable_all_campaigns":false,"_jetpack_memberships_contains_paid_content":false,"footnotes":""},"categories":[50,101,2],"tags":[197,696,33,19],"class_list":["post-122249","post","type-post","status-publish","format-standard","has-post-thumbnail","hentry","category-destacadas","category-interes-general-locales","category-locales","tag-buenos-aires","tag-interes-general","tag-locales","tag-san-pedro"],"aioseo_notices":[],"gutentor_comment":0,"jetpack_featured_media_url":"https:\/\/eldiariodesanpedro.com.ar\/sitio\/wp-content\/uploads\/2023\/09\/0000022179-resized-1920x1080-1.jpg","jetpack_shortlink":"https:\/\/wp.me\/p6RhLt-vNL","jetpack_sharing_enabled":true,"_links":{"self":[{"href":"https:\/\/eldiariodesanpedro.com.ar\/sitio\/wp-json\/wp\/v2\/posts\/122249","targetHints":{"allow":["GET"]}}],"collection":[{"href":"https:\/\/eldiariodesanpedro.com.ar\/sitio\/wp-json\/wp\/v2\/posts"}],"about":[{"href":"https:\/\/eldiariodesanpedro.com.ar\/sitio\/wp-json\/wp\/v2\/types\/post"}],"author":[{"embeddable":true,"href":"https:\/\/eldiariodesanpedro.com.ar\/sitio\/wp-json\/wp\/v2\/users\/4"}],"replies":[{"embeddable":true,"href":"https:\/\/eldiariodesanpedro.com.ar\/sitio\/wp-json\/wp\/v2\/comments?post=122249"}],"version-history":[{"count":1,"href":"https:\/\/eldiariodesanpedro.com.ar\/sitio\/wp-json\/wp\/v2\/posts\/122249\/revisions"}],"predecessor-version":[{"id":122251,"href":"https:\/\/eldiariodesanpedro.com.ar\/sitio\/wp-json\/wp\/v2\/posts\/122249\/revisions\/122251"}],"wp:featuredmedia":[{"embeddable":true,"href":"https:\/\/eldiariodesanpedro.com.ar\/sitio\/wp-json\/wp\/v2\/media\/122250"}],"wp:attachment":[{"href":"https:\/\/eldiariodesanpedro.com.ar\/sitio\/wp-json\/wp\/v2\/media?parent=122249"}],"wp:term":[{"taxonomy":"category","embeddable":true,"href":"https:\/\/eldiariodesanpedro.com.ar\/sitio\/wp-json\/wp\/v2\/categories?post=122249"},{"taxonomy":"post_tag","embeddable":true,"href":"https:\/\/eldiariodesanpedro.com.ar\/sitio\/wp-json\/wp\/v2\/tags?post=122249"}],"curies":[{"name":"wp","href":"https:\/\/api.w.org\/{rel}","templated":true}]}}