{"id":122246,"date":"2023-09-14T11:53:48","date_gmt":"2023-09-14T14:53:48","guid":{"rendered":"https:\/\/eldiariodesanpedro.com.ar\/sitio\/?p=122246"},"modified":"2023-09-14T11:53:50","modified_gmt":"2023-09-14T14:53:50","slug":"juegos-bonaerenses-mas-de-300-sampedrinos-viajan-a-las-finales-de-mar-del-plata","status":"publish","type":"post","link":"https:\/\/eldiariodesanpedro.com.ar\/sitio\/juegos-bonaerenses-mas-de-300-sampedrinos-viajan-a-las-finales-de-mar-del-plata\/","title":{"rendered":"Juegos Bonaerenses: M\u00e1s de 300 sampedrinos viajan a las finales de Mar del Plata"},"content":{"rendered":"<!-- VideographyWP Plugin Message: Automatic video embedding prevented by plugin options. -->\n\n<p>Desde el pr\u00f3ximo viernes se desarrollar\u00e1n en \u00abLa Feliz\u00bb las competencias definitorias. La delegaci\u00f3n local parte en la medianoche del jueves y se hospedar\u00e1 en el hotel de Luz y Fuerza.<\/p>\n\n\n\n<p>Se acerca una nueva edici\u00f3n de las finales de los Juegos Bonaerenses. Se trata de la definici\u00f3n provincial tanto en Deportes como en Cultura y se llevar\u00e1n a cabo en la ciudad de Mar del Plata.<\/p>\n\n\n\n<p>En esta edici\u00f3n 2023 San Pedro presentar\u00e1 una delegaci\u00f3n que supera las 330 personas y de las cuales 270 son competidores. El n\u00famero es superior al de la edici\u00f3n pasada y lo destacable de todo es que la ciudad cont\u00f3 con inscriptos en todas las disciplinas que participan de las actividades.<\/p>\n\n\n\n<p>La delegaci\u00f3n partir\u00e1 el jueves a la medianoche desde las puertas del municipio, y est\u00e1 previsto que arriben a la sede el viernes por la ma\u00f1ana.<\/p>\n\n\n\n<p>Las competencias comenzar\u00e1n el mismo fin de semana y todos los sampedrinos se hospedar\u00e1n en el mismo lugar que el a\u00f1o pasado, es decir en el hotel de Luz y Fuerza, ubicado en Las Heras 2256, en el centro marplatense.<\/p>\n","protected":false},"excerpt":{"rendered":"<p>Desde el pr\u00f3ximo viernes se desarrollar\u00e1n en \u00abLa Feliz\u00bb las competencias definitorias. La delegaci\u00f3n local parte en la medianoche del jueves y se hospedar\u00e1 en el hotel de Luz y Fuerza. Se acerca una nueva edici\u00f3n de las finales de los Juegos Bonaerenses. Se trata de la definici\u00f3n provincial tanto en Deportes como en Cultura [&hellip;]<\/p>\n","protected":false},"author":4,"featured_media":122247,"comment_status":"closed","ping_status":"closed","sticky":false,"template":"","format":"standard","meta":{"om_disable_all_campaigns":false,"_jetpack_memberships_contains_paid_content":false,"footnotes":""},"categories":[101,2],"tags":[197,696,33,19],"class_list":["post-122246","post","type-post","status-publish","format-standard","has-post-thumbnail","hentry","category-interes-general-locales","category-locales","tag-buenos-aires","tag-interes-general","tag-locales","tag-san-pedro"],"aioseo_notices":[],"gutentor_comment":0,"jetpack_featured_media_url":"https:\/\/eldiariodesanpedro.com.ar\/sitio\/wp-content\/uploads\/2023\/09\/0000022180-resized-1920x1080-1.jpg","jetpack_shortlink":"https:\/\/wp.me\/p6RhLt-vNI","jetpack_sharing_enabled":true,"_links":{"self":[{"href":"https:\/\/eldiariodesanpedro.com.ar\/sitio\/wp-json\/wp\/v2\/posts\/122246","targetHints":{"allow":["GET"]}}],"collection":[{"href":"https:\/\/eldiariodesanpedro.com.ar\/sitio\/wp-json\/wp\/v2\/posts"}],"about":[{"href":"https:\/\/eldiariodesanpedro.com.ar\/sitio\/wp-json\/wp\/v2\/types\/post"}],"author":[{"embeddable":true,"href":"https:\/\/eldiariodesanpedro.com.ar\/sitio\/wp-json\/wp\/v2\/users\/4"}],"replies":[{"embeddable":true,"href":"https:\/\/eldiariodesanpedro.com.ar\/sitio\/wp-json\/wp\/v2\/comments?post=122246"}],"version-history":[{"count":1,"href":"https:\/\/eldiariodesanpedro.com.ar\/sitio\/wp-json\/wp\/v2\/posts\/122246\/revisions"}],"predecessor-version":[{"id":122248,"href":"https:\/\/eldiariodesanpedro.com.ar\/sitio\/wp-json\/wp\/v2\/posts\/122246\/revisions\/122248"}],"wp:featuredmedia":[{"embeddable":true,"href":"https:\/\/eldiariodesanpedro.com.ar\/sitio\/wp-json\/wp\/v2\/media\/122247"}],"wp:attachment":[{"href":"https:\/\/eldiariodesanpedro.com.ar\/sitio\/wp-json\/wp\/v2\/media?parent=122246"}],"wp:term":[{"taxonomy":"category","embeddable":true,"href":"https:\/\/eldiariodesanpedro.com.ar\/sitio\/wp-json\/wp\/v2\/categories?post=122246"},{"taxonomy":"post_tag","embeddable":true,"href":"https:\/\/eldiariodesanpedro.com.ar\/sitio\/wp-json\/wp\/v2\/tags?post=122246"}],"curies":[{"name":"wp","href":"https:\/\/api.w.org\/{rel}","templated":true}]}}