{"id":122243,"date":"2023-09-14T11:45:50","date_gmt":"2023-09-14T14:45:50","guid":{"rendered":"https:\/\/eldiariodesanpedro.com.ar\/sitio\/?p=122243"},"modified":"2023-09-14T11:45:52","modified_gmt":"2023-09-14T14:45:52","slug":"valentini-cava-fueron-los-mejores-sampedrinos-en-el-rally-federal","status":"publish","type":"post","link":"https:\/\/eldiariodesanpedro.com.ar\/sitio\/valentini-cava-fueron-los-mejores-sampedrinos-en-el-rally-federal\/","title":{"rendered":"Valentini- Cava fueron los mejores sampedrinos en el Rally Federal"},"content":{"rendered":"<!-- VideographyWP Plugin Message: Automatic video embedding prevented by plugin options. -->\n\n<p>Los pilotos locales se animaron al desafio y cumplieron una excelente labor a lo largo de la competencia que promete regresar en el 2024.<\/p>\n\n\n\n<p>La realizaci\u00f3n del Rally Federal en San Pedro dej\u00f3 un balance altamente positivo en todos los aspectos. La organizaci\u00f3n, los controles, el estado de los caminos, el p\u00fablico y el espect\u00e1culo que brindaron los autos, enmarcaron una verdadera fiesta del automovilismo.<\/p>\n\n\n\n<p>Pero lo m\u00e1s importante es que se llenaron las expectativas, el p\u00fablico vibr\u00f3 durante los d\u00edas de competencias y los pilotos locales se animaron al desafio y estuvieron a la altura de los mejores binomios del certamen.<\/p>\n\n\n\n<p>Los sampedrinos mejores ubicados fueron Mariano Valentini y Paula Cava, quienes con un VW Gol fueron 5tos. en la categor\u00eda N7 y 15tos. en la clasificaci\u00f3n general, lo que remarc\u00f3 el excelente nivel del binomio sampedrino.<\/p>\n\n\n\n<p>M\u00e1s atr\u00e1s se ubicaron Victor Solmi y Nerea Solmi que se ubicaron 20mos. en la clasificaci\u00f3n general; mientras que Juli\u00e1n Moto y Federico Dom\u00ednguez fueron 28vos. en la general.<\/p>\n\n\n\n<p>Tambi\u00e9n fueron parte de la competencia los equipos integrados por Jorge Hepp y Marcelo Cabrera; y Alejandro Ram\u00f3n junto a Cristian Luconi.<\/p>\n\n\n\n<p>\u00abLa verdad que con todo esto lo amo a Cecilio (Salazar), que haya tra\u00eddo el Rally, que haya cumplido con el sue\u00f1o de varios que cuando \u00e9ramos chicos nos \u00edbamos a ver las carreras, cortar los caminos o ayudar cuando ven\u00edan Traverso, Menem Junior, y ahora poder ir a correr y en mi ciudad es imposible\u00bb, dijo emocionado Mariano Valentini, quien ya confirm\u00f3 que seguir\u00e1 compitiendo en el Rally Federal y ya piensa e ilusiona con la edici\u00f3n del a\u00f1o que vienen.<\/p>\n\n\n\n<p><\/p>\n","protected":false},"excerpt":{"rendered":"<p>Los pilotos locales se animaron al desafio y cumplieron una excelente labor a lo largo de la competencia que promete regresar en el 2024. La realizaci\u00f3n del Rally Federal en San Pedro dej\u00f3 un balance altamente positivo en todos los aspectos. La organizaci\u00f3n, los controles, el estado de los caminos, el p\u00fablico y el espect\u00e1culo [&hellip;]<\/p>\n","protected":false},"author":4,"featured_media":122244,"comment_status":"closed","ping_status":"closed","sticky":false,"template":"","format":"standard","meta":{"om_disable_all_campaigns":false,"_jetpack_memberships_contains_paid_content":false,"footnotes":""},"categories":[101,2],"tags":[197,696,33,19],"class_list":["post-122243","post","type-post","status-publish","format-standard","has-post-thumbnail","hentry","category-interes-general-locales","category-locales","tag-buenos-aires","tag-interes-general","tag-locales","tag-san-pedro"],"aioseo_notices":[],"gutentor_comment":0,"jetpack_featured_media_url":"https:\/\/eldiariodesanpedro.com.ar\/sitio\/wp-content\/uploads\/2023\/09\/0000022184-resized-1920x1080-1.jpg","jetpack_shortlink":"https:\/\/wp.me\/p6RhLt-vNF","jetpack_sharing_enabled":true,"_links":{"self":[{"href":"https:\/\/eldiariodesanpedro.com.ar\/sitio\/wp-json\/wp\/v2\/posts\/122243","targetHints":{"allow":["GET"]}}],"collection":[{"href":"https:\/\/eldiariodesanpedro.com.ar\/sitio\/wp-json\/wp\/v2\/posts"}],"about":[{"href":"https:\/\/eldiariodesanpedro.com.ar\/sitio\/wp-json\/wp\/v2\/types\/post"}],"author":[{"embeddable":true,"href":"https:\/\/eldiariodesanpedro.com.ar\/sitio\/wp-json\/wp\/v2\/users\/4"}],"replies":[{"embeddable":true,"href":"https:\/\/eldiariodesanpedro.com.ar\/sitio\/wp-json\/wp\/v2\/comments?post=122243"}],"version-history":[{"count":1,"href":"https:\/\/eldiariodesanpedro.com.ar\/sitio\/wp-json\/wp\/v2\/posts\/122243\/revisions"}],"predecessor-version":[{"id":122245,"href":"https:\/\/eldiariodesanpedro.com.ar\/sitio\/wp-json\/wp\/v2\/posts\/122243\/revisions\/122245"}],"wp:featuredmedia":[{"embeddable":true,"href":"https:\/\/eldiariodesanpedro.com.ar\/sitio\/wp-json\/wp\/v2\/media\/122244"}],"wp:attachment":[{"href":"https:\/\/eldiariodesanpedro.com.ar\/sitio\/wp-json\/wp\/v2\/media?parent=122243"}],"wp:term":[{"taxonomy":"category","embeddable":true,"href":"https:\/\/eldiariodesanpedro.com.ar\/sitio\/wp-json\/wp\/v2\/categories?post=122243"},{"taxonomy":"post_tag","embeddable":true,"href":"https:\/\/eldiariodesanpedro.com.ar\/sitio\/wp-json\/wp\/v2\/tags?post=122243"}],"curies":[{"name":"wp","href":"https:\/\/api.w.org\/{rel}","templated":true}]}}