{"id":122240,"date":"2023-09-14T11:39:07","date_gmt":"2023-09-14T14:39:07","guid":{"rendered":"https:\/\/eldiariodesanpedro.com.ar\/sitio\/?p=122240"},"modified":"2023-09-14T11:39:09","modified_gmt":"2023-09-14T14:39:09","slug":"coqui-lopez-presenta-en-rosario-la-muestra-las-tres-estrellas","status":"publish","type":"post","link":"https:\/\/eldiariodesanpedro.com.ar\/sitio\/coqui-lopez-presenta-en-rosario-la-muestra-las-tres-estrellas\/","title":{"rendered":"\u201cCoqui\u201d L\u00f3pez presenta en Rosario la muestra \u201cLas tres estrellas\u201d"},"content":{"rendered":"<!-- VideographyWP Plugin Message: Automatic video embedding prevented by plugin options. -->\n\n<p>Los retratos de los \u00edconos del f\u00fatbol mundial&nbsp;<strong>Diego Maradona, Lionel Messi y Mario Kempes<\/strong>&nbsp;realizados por el artista sampedrino&nbsp;<strong>Jorge L\u00f3pez<\/strong>&nbsp;con&nbsp;<strong>tierra y pasto recolectados de los potreros en donde hicieron sus primeras gambetas<\/strong>, se podr\u00e1n ver en la muestra&nbsp;<strong>\u00abLas tres estrellas\u00bb&nbsp;<\/strong>que se inaugurar\u00e1 el pr\u00f3ximo jueves en el Museo del Deporte Santafesino de la ciudad de Rosario.<\/p>\n\n\n\n<p>Auspiciada por el Ministerio de Cultura de la provincia de Santa Fe,<strong>\u00a0la exposici\u00f3n quedar\u00e1 formalmente inaugurada a las 18<\/strong>, y junto a los imponentes cuadros, se podr\u00e1 disfrutar de material audiovisual del propio artista pl\u00e1stico quien registr\u00f3 el proceso de recolecci\u00f3n de los materiales donde crecieron y jugaron los afamados deportistas y de la confecci\u00f3n de cada obras.<\/p>\n\n\n\n<p>El artista pl\u00e1stico<strong>&nbsp;Jorge L\u00f3pez&nbsp;<\/strong>nacido en la ciudad bonaerense de San Pedro,<strong>&nbsp;expuso sus pinturas de fuerte impronta social, a lo largo del mundo<\/strong>&nbsp;y en los \u00faltimos tiempos se dedic\u00f3 a una serie que tiene como protagonistas a los tres campeones mundiales del seleccionado argentino que se mostrar\u00e1n junto a un audiovisual que narra su proceso de creaci\u00f3n.<\/p>\n\n\n\n<p>La serie comenz\u00f3 tres a\u00f1os atr\u00e1s, con un homenaje a&nbsp;<strong>Diego Armando Maradona&nbsp;<\/strong>para lo que utiliz\u00f3&nbsp;<strong>\u00abtierra sagrada\u00bb<\/strong>&nbsp;sacada la casa natal y del potrero de Villa Fiorito donde el jugador hizo sus primeras gambetas,<strong>&nbsp;\u00abque con el correr del tiempo, llenaron de gloria y felicidad a nuestro pueblo\u00bb<\/strong>, indic\u00f3 el artista en la descripci\u00f3n que acompa\u00f1a su obra.<\/p>\n\n\n\n<p>La misma t\u00e9cnica se utiliz\u00f3 para el retrato de\u00a0<strong>Leo Messi<\/strong>, realizado con tierra de sus or\u00edgenes, que llevaron a L\u00f3pez a visitar la casa natal, el potrero de su barrio y la cancha de f\u00fatbol infantil del\u00a0<strong>Club Atl\u00e9tico Newell \u2018s Old Boys<\/strong>, lugares que marcaron al astro del f\u00fatbol que a\u00fan sigue deslumbrando al mundo.<\/p>\n\n\n\n<p>Para pintar el rostro de<strong>&nbsp;Mario Alberto Kempes<\/strong>, el artista recolect\u00f3 la tierra en la localidad de Bell Ville en C\u00f3rdoba, de la que es oriundo el<strong>&nbsp;\u00abMatador\u00bb<\/strong>, y de la cancha de Talleres de Bell Ville, el primer club del delantero que dio el primer campeonato mundial a la Argentina 1978.<\/p>\n\n\n\n<p>Acompa\u00f1an a los retratos, un registro documental del proceso de creaci\u00f3n que muestra al artista sanpedrino mientras recorre, con una pala y una bolsa en mano,<strong>&nbsp;los lugares que dieron origen a las leyendas<\/strong>, qued\u00e1ndose con un poco de esa tierra y algo de pasto para cargar de simbolismo a sus lienzos y convertirlos en algo m\u00e1s que un retrato.<\/p>\n\n\n\n<p>Tras el contacto del artista con las\u00a0<strong>\u00abtierras sagradas\u00bb<\/strong>, en un tacho, L\u00f3pez mezcla esos materiales y pigmentos para conformar la argamasa que con una esp\u00e1tula impregna sobre la tela. Poco a poco, el relieve y el color de la pintura dejan ver las facciones de los tres campeones del mundo de la selecci\u00f3n albiceleste, en obra que se vuelve potente al ser contemplada desde la presencialidad.<\/p>\n\n\n\n<p>Los singulares retratos se suman al recorrido dedicado al f\u00fatbol propuesto por el Museo que permite a los visitantes conocer a trav\u00e9s de gr\u00e1ficas, objetos y piezas audiovisuales<strong>&nbsp;las victoriosas campa\u00f1as que llevaron a la selecci\u00f3n a consagrarse campe\u00f3n mundial en 1978 (Argentina) y 1986 (M\u00e9xico)<\/strong>.<\/p>\n\n\n\n<p>La propuesta no se queda en la nostalgia del pasado e invita a seguir festejando el \u00faltimo triunfo argentino con una r\u00e9plica de la&nbsp;<strong>Copa del Mundo que la Selecci\u00f3n Argentina se adjudic\u00f3 en Qatar&nbsp;<\/strong>en diciembre pasado.<\/p>\n\n\n\n<p>Y por \u00faltimo, el<strong>\u00a0Museo del Deporte Santafesino mantiene en exhibici\u00f3n permanente el Bal\u00f3n de Oro y el Bot\u00edn de Oro que Lionel Messi recibi\u00f3 en 2019<\/strong>, y que don\u00f3 al organismo provincial, que se convierte as\u00ed en el primer museo p\u00fablico en exponer los m\u00e1ximos galardones que se otorgan a los futbolistas profesionales. <\/p>\n\n\n\n<p>Fuente: Diario Popular<\/p>\n\n\n\n<p><a href=\"https:\/\/canalwebsanpedro.com.ar\/coqui-lopez-presenta-en-rosario-la-muestra-las-tres-estrellas\/\"><\/a><\/p>\n","protected":false},"excerpt":{"rendered":"<p>Los retratos de los \u00edconos del f\u00fatbol mundial&nbsp;Diego Maradona, Lionel Messi y Mario Kempes&nbsp;realizados por el artista sampedrino&nbsp;Jorge L\u00f3pez&nbsp;con&nbsp;tierra y pasto recolectados de los potreros en donde hicieron sus primeras gambetas, se podr\u00e1n ver en la muestra&nbsp;\u00abLas tres estrellas\u00bb&nbsp;que se inaugurar\u00e1 el pr\u00f3ximo jueves en el Museo del Deporte Santafesino de la ciudad de Rosario. [&hellip;]<\/p>\n","protected":false},"author":4,"featured_media":122241,"comment_status":"closed","ping_status":"closed","sticky":false,"template":"","format":"standard","meta":{"om_disable_all_campaigns":false,"_jetpack_memberships_contains_paid_content":false,"footnotes":""},"categories":[50,101,2],"tags":[197,696,33,19],"class_list":["post-122240","post","type-post","status-publish","format-standard","has-post-thumbnail","hentry","category-destacadas","category-interes-general-locales","category-locales","tag-buenos-aires","tag-interes-general","tag-locales","tag-san-pedro"],"aioseo_notices":[],"gutentor_comment":0,"jetpack_featured_media_url":"https:\/\/eldiariodesanpedro.com.ar\/sitio\/wp-content\/uploads\/2023\/09\/coqui.jpg","jetpack_shortlink":"https:\/\/wp.me\/p6RhLt-vNC","jetpack_sharing_enabled":true,"_links":{"self":[{"href":"https:\/\/eldiariodesanpedro.com.ar\/sitio\/wp-json\/wp\/v2\/posts\/122240","targetHints":{"allow":["GET"]}}],"collection":[{"href":"https:\/\/eldiariodesanpedro.com.ar\/sitio\/wp-json\/wp\/v2\/posts"}],"about":[{"href":"https:\/\/eldiariodesanpedro.com.ar\/sitio\/wp-json\/wp\/v2\/types\/post"}],"author":[{"embeddable":true,"href":"https:\/\/eldiariodesanpedro.com.ar\/sitio\/wp-json\/wp\/v2\/users\/4"}],"replies":[{"embeddable":true,"href":"https:\/\/eldiariodesanpedro.com.ar\/sitio\/wp-json\/wp\/v2\/comments?post=122240"}],"version-history":[{"count":1,"href":"https:\/\/eldiariodesanpedro.com.ar\/sitio\/wp-json\/wp\/v2\/posts\/122240\/revisions"}],"predecessor-version":[{"id":122242,"href":"https:\/\/eldiariodesanpedro.com.ar\/sitio\/wp-json\/wp\/v2\/posts\/122240\/revisions\/122242"}],"wp:featuredmedia":[{"embeddable":true,"href":"https:\/\/eldiariodesanpedro.com.ar\/sitio\/wp-json\/wp\/v2\/media\/122241"}],"wp:attachment":[{"href":"https:\/\/eldiariodesanpedro.com.ar\/sitio\/wp-json\/wp\/v2\/media?parent=122240"}],"wp:term":[{"taxonomy":"category","embeddable":true,"href":"https:\/\/eldiariodesanpedro.com.ar\/sitio\/wp-json\/wp\/v2\/categories?post=122240"},{"taxonomy":"post_tag","embeddable":true,"href":"https:\/\/eldiariodesanpedro.com.ar\/sitio\/wp-json\/wp\/v2\/tags?post=122240"}],"curies":[{"name":"wp","href":"https:\/\/api.w.org\/{rel}","templated":true}]}}