{"id":122235,"date":"2023-09-14T00:14:27","date_gmt":"2023-09-14T03:14:27","guid":{"rendered":"https:\/\/eldiariodesanpedro.com.ar\/sitio\/?p=122235"},"modified":"2023-09-14T00:18:23","modified_gmt":"2023-09-14T03:18:23","slug":"delincuentes-ingresaron-a-una-vivienda-y-se-llevaron-dinero-en-efectivo","status":"publish","type":"post","link":"https:\/\/eldiariodesanpedro.com.ar\/sitio\/delincuentes-ingresaron-a-una-vivienda-y-se-llevaron-dinero-en-efectivo\/","title":{"rendered":"Delincuentes ingresaron a una vivienda y se llevaron dinero en efectivo"},"content":{"rendered":"<!-- VideographyWP Plugin Message: Automatic video embedding prevented by plugin options. -->\n\n<p>Esta noche de mi\u00e9rcoles delincuentes ingresaron a una vivienda y se llevaron dinero en efectivo.<\/p>\n\n\n\n<p>El hecho ocurri\u00f3 en calle Miguel Porta al 2400 donde delincuentes ignorados ingresaron alrededor de las 21 hs y seg\u00fan informaci\u00f3n policial se llevaron dinero en efectivo y luego huyeron.<\/p>\n\n\n\n<p>A pesar del r\u00e1pido accionar policial no pudieron dar con los delincuentes que huyeron en una primera instancia de investigaci\u00f3n por los techos.<\/p>\n\n\n\n<p>Al ser muy reciente el suceso aun no pudimos recabar m\u00e1s informaci\u00f3n de cu\u00e1nto dinero se llevaron y si hubo personas lesionadas.<\/p>\n\n\n\n<p>Ampliaremos!!<\/p>\n","protected":false},"excerpt":{"rendered":"<p>Esta noche de mi\u00e9rcoles delincuentes ingresaron a una vivienda y se llevaron dinero en efectivo. El hecho ocurri\u00f3 en calle Miguel Porta al 2400 donde delincuentes ignorados ingresaron alrededor de las 21 hs y seg\u00fan informaci\u00f3n policial se llevaron dinero en efectivo y luego huyeron. A pesar del r\u00e1pido accionar policial no pudieron dar con [&hellip;]<\/p>\n","protected":false},"author":4,"featured_media":122236,"comment_status":"closed","ping_status":"closed","sticky":false,"template":"","format":"standard","meta":{"om_disable_all_campaigns":false,"_jetpack_memberships_contains_paid_content":false,"footnotes":""},"categories":[50,2,103],"tags":[197,33,95,19],"class_list":["post-122235","post","type-post","status-publish","format-standard","has-post-thumbnail","hentry","category-destacadas","category-locales","category-policiales-locales","tag-buenos-aires","tag-locales","tag-policiales","tag-san-pedro"],"aioseo_notices":[],"gutentor_comment":0,"jetpack_featured_media_url":"https:\/\/eldiariodesanpedro.com.ar\/sitio\/wp-content\/uploads\/2023\/09\/Imagen-de-WhatsApp-2023-09-13-a-las-23.01.36.jpg","jetpack_shortlink":"https:\/\/wp.me\/p6RhLt-vNx","jetpack_sharing_enabled":true,"_links":{"self":[{"href":"https:\/\/eldiariodesanpedro.com.ar\/sitio\/wp-json\/wp\/v2\/posts\/122235","targetHints":{"allow":["GET"]}}],"collection":[{"href":"https:\/\/eldiariodesanpedro.com.ar\/sitio\/wp-json\/wp\/v2\/posts"}],"about":[{"href":"https:\/\/eldiariodesanpedro.com.ar\/sitio\/wp-json\/wp\/v2\/types\/post"}],"author":[{"embeddable":true,"href":"https:\/\/eldiariodesanpedro.com.ar\/sitio\/wp-json\/wp\/v2\/users\/4"}],"replies":[{"embeddable":true,"href":"https:\/\/eldiariodesanpedro.com.ar\/sitio\/wp-json\/wp\/v2\/comments?post=122235"}],"version-history":[{"count":3,"href":"https:\/\/eldiariodesanpedro.com.ar\/sitio\/wp-json\/wp\/v2\/posts\/122235\/revisions"}],"predecessor-version":[{"id":122239,"href":"https:\/\/eldiariodesanpedro.com.ar\/sitio\/wp-json\/wp\/v2\/posts\/122235\/revisions\/122239"}],"wp:featuredmedia":[{"embeddable":true,"href":"https:\/\/eldiariodesanpedro.com.ar\/sitio\/wp-json\/wp\/v2\/media\/122236"}],"wp:attachment":[{"href":"https:\/\/eldiariodesanpedro.com.ar\/sitio\/wp-json\/wp\/v2\/media?parent=122235"}],"wp:term":[{"taxonomy":"category","embeddable":true,"href":"https:\/\/eldiariodesanpedro.com.ar\/sitio\/wp-json\/wp\/v2\/categories?post=122235"},{"taxonomy":"post_tag","embeddable":true,"href":"https:\/\/eldiariodesanpedro.com.ar\/sitio\/wp-json\/wp\/v2\/tags?post=122235"}],"curies":[{"name":"wp","href":"https:\/\/api.w.org\/{rel}","templated":true}]}}