{"id":122224,"date":"2023-09-13T23:41:01","date_gmt":"2023-09-14T02:41:01","guid":{"rendered":"https:\/\/eldiariodesanpedro.com.ar\/sitio\/?p=122224"},"modified":"2023-09-13T23:41:02","modified_gmt":"2023-09-14T02:41:02","slug":"una-motocicleta-se-incendio-y-quedo-completamente-consumida-por-el-fuego","status":"publish","type":"post","link":"https:\/\/eldiariodesanpedro.com.ar\/sitio\/una-motocicleta-se-incendio-y-quedo-completamente-consumida-por-el-fuego\/","title":{"rendered":"Una motocicleta se incendi\u00f3 y quedo completamente consumida por el fuego"},"content":{"rendered":"<!-- VideographyWP Plugin Message: Automatic video embedding prevented by plugin options. -->\n\n<p>En la noche de este mi\u00e9rcoles una dotaci\u00f3n de bomberos tuvo que intervenir en el incendio de una motocicleta en la v\u00eda publica.<\/p>\n\n\n\n<p>El siniestro ocurri\u00f3 este mi\u00e9rcoles alrededor de las 21 hs en calle Independencia al 1400 donde por razones que se tratan de establecer una motocicleta 110 cc comenz\u00f3 a incendiarse.<\/p>\n\n\n\n<p>En el lugar se hizo presente una dotaci\u00f3n de bomberos voluntarios que logro sofocar el fuego a pesar de que ya la misma hab\u00eda sido completamente consumida por el fuego.<\/p>\n\n\n\n<p>Afortunadamente no hubo que lamentar personas heridas.<\/p>\n\n\n\n<figure class=\"wp-block-image size-large\"><img decoding=\"async\" width=\"1024\" height=\"576\" data-attachment-id=\"122228\" data-permalink=\"https:\/\/eldiariodesanpedro.com.ar\/sitio\/una-motocicleta-se-incendio-y-quedo-completamente-consumida-por-el-fuego\/imagen-de-whatsapp-2023-09-13-a-las-23-01-391\/\" data-orig-file=\"https:\/\/eldiariodesanpedro.com.ar\/sitio\/wp-content\/uploads\/2023\/09\/Imagen-de-WhatsApp-2023-09-13-a-las-23.01.391.jpg\" data-orig-size=\"1120,630\" data-comments-opened=\"0\" data-image-meta=\"{&quot;aperture&quot;:&quot;0&quot;,&quot;credit&quot;:&quot;&quot;,&quot;camera&quot;:&quot;&quot;,&quot;caption&quot;:&quot;&quot;,&quot;created_timestamp&quot;:&quot;0&quot;,&quot;copyright&quot;:&quot;&quot;,&quot;focal_length&quot;:&quot;0&quot;,&quot;iso&quot;:&quot;0&quot;,&quot;shutter_speed&quot;:&quot;0&quot;,&quot;title&quot;:&quot;&quot;,&quot;orientation&quot;:&quot;0&quot;}\" data-image-title=\"Imagen de WhatsApp 2023-09-13 a las 23.01.391\" data-image-description=\"\" data-image-caption=\"\" data-large-file=\"https:\/\/eldiariodesanpedro.com.ar\/sitio\/wp-content\/uploads\/2023\/09\/Imagen-de-WhatsApp-2023-09-13-a-las-23.01.391-1024x576.jpg\" data-src=\"https:\/\/eldiariodesanpedro.com.ar\/sitio\/wp-content\/uploads\/2023\/09\/Imagen-de-WhatsApp-2023-09-13-a-las-23.01.391-1024x576.jpg\" alt=\"\" class=\"wp-image-122228 lazyload\" data-srcset=\"https:\/\/eldiariodesanpedro.com.ar\/sitio\/wp-content\/uploads\/2023\/09\/Imagen-de-WhatsApp-2023-09-13-a-las-23.01.391-1024x576.jpg 1024w, https:\/\/eldiariodesanpedro.com.ar\/sitio\/wp-content\/uploads\/2023\/09\/Imagen-de-WhatsApp-2023-09-13-a-las-23.01.391-300x169.jpg 300w, https:\/\/eldiariodesanpedro.com.ar\/sitio\/wp-content\/uploads\/2023\/09\/Imagen-de-WhatsApp-2023-09-13-a-las-23.01.391-768x432.jpg 768w, https:\/\/eldiariodesanpedro.com.ar\/sitio\/wp-content\/uploads\/2023\/09\/Imagen-de-WhatsApp-2023-09-13-a-las-23.01.391.jpg 1120w\" data-sizes=\"(max-width: 1024px) 100vw, 1024px\" src=\"data:image\/svg+xml;base64,PHN2ZyB3aWR0aD0iMSIgaGVpZ2h0PSIxIiB4bWxucz0iaHR0cDovL3d3dy53My5vcmcvMjAwMC9zdmciPjwvc3ZnPg==\" style=\"--smush-placeholder-width: 1024px; --smush-placeholder-aspect-ratio: 1024\/576;\" \/><\/figure>\n","protected":false},"excerpt":{"rendered":"<p>En la noche de este mi\u00e9rcoles una dotaci\u00f3n de bomberos tuvo que intervenir en el incendio de una motocicleta en la v\u00eda publica. El siniestro ocurri\u00f3 este mi\u00e9rcoles alrededor de las 21 hs en calle Independencia al 1400 donde por razones que se tratan de establecer una motocicleta 110 cc comenz\u00f3 a incendiarse. En el [&hellip;]<\/p>\n","protected":false},"author":4,"featured_media":122227,"comment_status":"closed","ping_status":"closed","sticky":false,"template":"","format":"standard","meta":{"om_disable_all_campaigns":false,"_jetpack_memberships_contains_paid_content":false,"footnotes":""},"categories":[50,2,103],"tags":[197,19,4475],"class_list":["post-122224","post","type-post","status-publish","format-standard","has-post-thumbnail","hentry","category-destacadas","category-locales","category-policiales-locales","tag-buenos-aires","tag-san-pedro","tag-una-motocicleta-se-incendio-y-quedo-completamente-consumida-por-el-fuego"],"aioseo_notices":[],"gutentor_comment":0,"jetpack_featured_media_url":"https:\/\/eldiariodesanpedro.com.ar\/sitio\/wp-content\/uploads\/2023\/09\/Imagen-de-WhatsApp-2023-09-13-a-las-23.01.381.jpg","jetpack_shortlink":"https:\/\/wp.me\/p6RhLt-vNm","jetpack_sharing_enabled":true,"_links":{"self":[{"href":"https:\/\/eldiariodesanpedro.com.ar\/sitio\/wp-json\/wp\/v2\/posts\/122224","targetHints":{"allow":["GET"]}}],"collection":[{"href":"https:\/\/eldiariodesanpedro.com.ar\/sitio\/wp-json\/wp\/v2\/posts"}],"about":[{"href":"https:\/\/eldiariodesanpedro.com.ar\/sitio\/wp-json\/wp\/v2\/types\/post"}],"author":[{"embeddable":true,"href":"https:\/\/eldiariodesanpedro.com.ar\/sitio\/wp-json\/wp\/v2\/users\/4"}],"replies":[{"embeddable":true,"href":"https:\/\/eldiariodesanpedro.com.ar\/sitio\/wp-json\/wp\/v2\/comments?post=122224"}],"version-history":[{"count":1,"href":"https:\/\/eldiariodesanpedro.com.ar\/sitio\/wp-json\/wp\/v2\/posts\/122224\/revisions"}],"predecessor-version":[{"id":122229,"href":"https:\/\/eldiariodesanpedro.com.ar\/sitio\/wp-json\/wp\/v2\/posts\/122224\/revisions\/122229"}],"wp:featuredmedia":[{"embeddable":true,"href":"https:\/\/eldiariodesanpedro.com.ar\/sitio\/wp-json\/wp\/v2\/media\/122227"}],"wp:attachment":[{"href":"https:\/\/eldiariodesanpedro.com.ar\/sitio\/wp-json\/wp\/v2\/media?parent=122224"}],"wp:term":[{"taxonomy":"category","embeddable":true,"href":"https:\/\/eldiariodesanpedro.com.ar\/sitio\/wp-json\/wp\/v2\/categories?post=122224"},{"taxonomy":"post_tag","embeddable":true,"href":"https:\/\/eldiariodesanpedro.com.ar\/sitio\/wp-json\/wp\/v2\/tags?post=122224"}],"curies":[{"name":"wp","href":"https:\/\/api.w.org\/{rel}","templated":true}]}}