{"id":122204,"date":"2023-09-13T22:57:58","date_gmt":"2023-09-14T01:57:58","guid":{"rendered":"https:\/\/eldiariodesanpedro.com.ar\/sitio\/?p=122204"},"modified":"2023-09-13T22:57:59","modified_gmt":"2023-09-14T01:57:59","slug":"el-intendente-cecilio-salazar-acompano-al-presidente-del-inta-en-una-visita-al-predio-de-investigacion-sobre-cannabis-medicinal","status":"publish","type":"post","link":"https:\/\/eldiariodesanpedro.com.ar\/sitio\/el-intendente-cecilio-salazar-acompano-al-presidente-del-inta-en-una-visita-al-predio-de-investigacion-sobre-cannabis-medicinal\/","title":{"rendered":"El Intendente Cecilio Salazar acompa\u00f1\u00f3 al presidente del INTA en una visita al predio de investigaci\u00f3n sobre Cannabis Medicinal"},"content":{"rendered":"<!-- VideographyWP Plugin Message: Automatic video embedding prevented by plugin options. -->\n\n<p>El Intendente Cecilio Salazar y el Secretario de Gobierno Mart\u00edn Baraybar visitaron este mi\u00e9rcoles la Estaci\u00f3n Experimental Agropecuaria de INTA San Pedro, para recibir al Presidente del INTA Ing. Mariano Garmendia, en el predio donde se lleva adelante el proyecto de producci\u00f3n e investigaci\u00f3n de Cannabis Medicinal.<\/p>\n\n\n\n<p>Participaron adem\u00e1s del encuentro y la recorrida por las instalaciones el Director del Centro Regional Ingeniero Hern\u00e1n Trebino, el Ingeniero Joaqu\u00edn Serrano del Consejo Directivo Nacional del Ministerio de Agricultura, la Directora de la EEA San Pedro Ingeniera Laura Hansen, investigadores y extensionistas de INTA, Juan Arrate y Emilio Ponzio del equipo de Laboratorio Cannabis Argentina y productores locales.<\/p>\n\n\n\n<p>Con el proyecto en pleno desarrollo y un marco normativo nacional que ha comenzado a avanzar de manera notable en los \u00faltimos meses, se informaron las novedades relacionadas a la evaluaci\u00f3n de pr\u00e1cticas de manejo en cultivos a campo y en invern\u00e1culos.<\/p>\n\n\n\n<p>Muy satisfechos con la interacci\u00f3n lograda entre el gobierno local, el INTA y LCA, se repasaron con el Presidente del INTA detalles sobre los pr\u00f3ximas etapas y la tarea que lleva adelante la Agencia Regulatoria de la Industria del C\u00e1\u00f1amo y del Cannabis Medicinal (ARICCAME), para el inminente otorgamiento de las primeras licencias y autorizaciones administrativas para la cadena productiva.<\/p>\n\n\n\n<p>Desde el gobierno municipal tambi\u00e9n se compartieron detalles sobre actividades impulsadas a trav\u00e9s de la Secretar\u00eda de Salud y con el trabajo del Dr. Joel Scorcelli, especialista en el tema, relacionados con la validaci\u00f3n cl\u00ednica del Cannabis Medicinal y otras iniciativas que acompa\u00f1an\u00a0este\u00a0tema.<\/p>\n\n\n\n<figure class=\"wp-block-image size-full\"><img decoding=\"async\" width=\"946\" height=\"630\" data-attachment-id=\"122205\" data-permalink=\"https:\/\/eldiariodesanpedro.com.ar\/sitio\/el-intendente-cecilio-salazar-acompano-al-presidente-del-inta-en-una-visita-al-predio-de-investigacion-sobre-cannabis-medicinal\/imagen-de-whatsapp-2023-09-13-a-las-20-20-12\/\" data-orig-file=\"https:\/\/eldiariodesanpedro.com.ar\/sitio\/wp-content\/uploads\/2023\/09\/Imagen-de-WhatsApp-2023-09-13-a-las-20.20.12.jpg\" data-orig-size=\"946,630\" data-comments-opened=\"0\" data-image-meta=\"{&quot;aperture&quot;:&quot;0&quot;,&quot;credit&quot;:&quot;&quot;,&quot;camera&quot;:&quot;&quot;,&quot;caption&quot;:&quot;&quot;,&quot;created_timestamp&quot;:&quot;0&quot;,&quot;copyright&quot;:&quot;&quot;,&quot;focal_length&quot;:&quot;0&quot;,&quot;iso&quot;:&quot;0&quot;,&quot;shutter_speed&quot;:&quot;0&quot;,&quot;title&quot;:&quot;&quot;,&quot;orientation&quot;:&quot;0&quot;}\" data-image-title=\"Imagen de WhatsApp 2023-09-13 a las 20.20.12\" data-image-description=\"\" data-image-caption=\"\" data-large-file=\"https:\/\/eldiariodesanpedro.com.ar\/sitio\/wp-content\/uploads\/2023\/09\/Imagen-de-WhatsApp-2023-09-13-a-las-20.20.12.jpg\" data-src=\"https:\/\/eldiariodesanpedro.com.ar\/sitio\/wp-content\/uploads\/2023\/09\/Imagen-de-WhatsApp-2023-09-13-a-las-20.20.12.jpg\" alt=\"\" class=\"wp-image-122205 lazyload\" data-srcset=\"https:\/\/eldiariodesanpedro.com.ar\/sitio\/wp-content\/uploads\/2023\/09\/Imagen-de-WhatsApp-2023-09-13-a-las-20.20.12.jpg 946w, https:\/\/eldiariodesanpedro.com.ar\/sitio\/wp-content\/uploads\/2023\/09\/Imagen-de-WhatsApp-2023-09-13-a-las-20.20.12-300x200.jpg 300w, https:\/\/eldiariodesanpedro.com.ar\/sitio\/wp-content\/uploads\/2023\/09\/Imagen-de-WhatsApp-2023-09-13-a-las-20.20.12-768x511.jpg 768w\" data-sizes=\"(max-width: 946px) 100vw, 946px\" src=\"data:image\/svg+xml;base64,PHN2ZyB3aWR0aD0iMSIgaGVpZ2h0PSIxIiB4bWxucz0iaHR0cDovL3d3dy53My5vcmcvMjAwMC9zdmciPjwvc3ZnPg==\" style=\"--smush-placeholder-width: 946px; --smush-placeholder-aspect-ratio: 946\/630;\" \/><\/figure>\n","protected":false},"excerpt":{"rendered":"<p>El Intendente Cecilio Salazar y el Secretario de Gobierno Mart\u00edn Baraybar visitaron este mi\u00e9rcoles la Estaci\u00f3n Experimental Agropecuaria de INTA San Pedro, para recibir al Presidente del INTA Ing. Mariano Garmendia, en el predio donde se lleva adelante el proyecto de producci\u00f3n e investigaci\u00f3n de Cannabis Medicinal. Participaron adem\u00e1s del encuentro y la recorrida por [&hellip;]<\/p>\n","protected":false},"author":4,"featured_media":122207,"comment_status":"closed","ping_status":"closed","sticky":false,"template":"","format":"standard","meta":{"om_disable_all_campaigns":false,"_jetpack_memberships_contains_paid_content":false,"footnotes":""},"categories":[50,101,2],"tags":[197,696,33,19],"class_list":["post-122204","post","type-post","status-publish","format-standard","has-post-thumbnail","hentry","category-destacadas","category-interes-general-locales","category-locales","tag-buenos-aires","tag-interes-general","tag-locales","tag-san-pedro"],"aioseo_notices":[],"gutentor_comment":0,"jetpack_featured_media_url":"https:\/\/eldiariodesanpedro.com.ar\/sitio\/wp-content\/uploads\/2023\/09\/Imagen-de-WhatsApp-2023-09-13-a-las-20.20.14.jpg","jetpack_shortlink":"https:\/\/wp.me\/p6RhLt-vN2","jetpack_sharing_enabled":true,"_links":{"self":[{"href":"https:\/\/eldiariodesanpedro.com.ar\/sitio\/wp-json\/wp\/v2\/posts\/122204","targetHints":{"allow":["GET"]}}],"collection":[{"href":"https:\/\/eldiariodesanpedro.com.ar\/sitio\/wp-json\/wp\/v2\/posts"}],"about":[{"href":"https:\/\/eldiariodesanpedro.com.ar\/sitio\/wp-json\/wp\/v2\/types\/post"}],"author":[{"embeddable":true,"href":"https:\/\/eldiariodesanpedro.com.ar\/sitio\/wp-json\/wp\/v2\/users\/4"}],"replies":[{"embeddable":true,"href":"https:\/\/eldiariodesanpedro.com.ar\/sitio\/wp-json\/wp\/v2\/comments?post=122204"}],"version-history":[{"count":1,"href":"https:\/\/eldiariodesanpedro.com.ar\/sitio\/wp-json\/wp\/v2\/posts\/122204\/revisions"}],"predecessor-version":[{"id":122210,"href":"https:\/\/eldiariodesanpedro.com.ar\/sitio\/wp-json\/wp\/v2\/posts\/122204\/revisions\/122210"}],"wp:featuredmedia":[{"embeddable":true,"href":"https:\/\/eldiariodesanpedro.com.ar\/sitio\/wp-json\/wp\/v2\/media\/122207"}],"wp:attachment":[{"href":"https:\/\/eldiariodesanpedro.com.ar\/sitio\/wp-json\/wp\/v2\/media?parent=122204"}],"wp:term":[{"taxonomy":"category","embeddable":true,"href":"https:\/\/eldiariodesanpedro.com.ar\/sitio\/wp-json\/wp\/v2\/categories?post=122204"},{"taxonomy":"post_tag","embeddable":true,"href":"https:\/\/eldiariodesanpedro.com.ar\/sitio\/wp-json\/wp\/v2\/tags?post=122204"}],"curies":[{"name":"wp","href":"https:\/\/api.w.org\/{rel}","templated":true}]}}