{"id":122200,"date":"2023-09-13T22:47:23","date_gmt":"2023-09-14T01:47:23","guid":{"rendered":"https:\/\/eldiariodesanpedro.com.ar\/sitio\/?p=122200"},"modified":"2023-09-13T22:47:24","modified_gmt":"2023-09-14T01:47:24","slug":"adelanto-financiero-para-la-construccion-de-una-nueva-escuela-tecnica","status":"publish","type":"post","link":"https:\/\/eldiariodesanpedro.com.ar\/sitio\/adelanto-financiero-para-la-construccion-de-una-nueva-escuela-tecnica\/","title":{"rendered":"Adelanto financiero para la construcci\u00f3n de una nueva Escuela T\u00e9cnica"},"content":{"rendered":"<!-- VideographyWP Plugin Message: Automatic video embedding prevented by plugin options. -->\n\n<p>El Ministerio de Obras P\u00fablicas de la Naci\u00f3n otorg\u00f3 al Municipio el adelanto financiero, por un monto de $153.731.000, para que la empresa Indhal S.R.L., adjudicataria de las obras, pueda comenzar a construir el edificio donde se establecer\u00e1 una nueva Escuela T\u00e9cnica.<\/p>\n\n\n\n<p>La instituci\u00f3n educativa se edificar\u00e1 sobre un terreno contiguo al Corral\u00f3n Municipal, donde ya se han realizado las tareas preliminares, como el movimiento de suelo.<\/p>\n\n\n\n<p>El proyecto se concreta luego de las gestiones realizadas por el Intendente Cecilio Salazar ante el Ministro de Obras P\u00fablicas de la Naci\u00f3n, Gabriel Katopodis y se encuentra en el marco del \u201cPrograma de Infraestructura para Establecimientos de Educaci\u00f3n T\u00e9cnica Profesional\u201d lanzado para fortalecer las pol\u00edticas p\u00fablicas que garanticen el acceso a la educaci\u00f3n secundaria obligatoria de j\u00f3venes entre 15 a 18 a\u00f1os.<\/p>\n\n\n\n<p>La Instituci\u00f3n tendr\u00e1 una orientaci\u00f3n hacia la econom\u00eda del conocimiento, con especializaci\u00f3n en rob\u00f3tica, tecnolog\u00edas 4.0 y programaci\u00f3n, de gran relevancia en el desarrollo de la oferta educativa\u00a0de\u00a0San\u00a0Pedro.<\/p>\n\n\n\n<figure class=\"wp-block-image size-full\"><img decoding=\"async\" width=\"732\" height=\"410\" data-attachment-id=\"122202\" data-permalink=\"https:\/\/eldiariodesanpedro.com.ar\/sitio\/adelanto-financiero-para-la-construccion-de-una-nueva-escuela-tecnica\/imagen-de-whatsapp-2023-09-13-a-las-15-34-50\/\" data-orig-file=\"https:\/\/eldiariodesanpedro.com.ar\/sitio\/wp-content\/uploads\/2023\/09\/Imagen-de-WhatsApp-2023-09-13-a-las-15.34.50.jpg\" data-orig-size=\"732,410\" data-comments-opened=\"0\" data-image-meta=\"{&quot;aperture&quot;:&quot;0&quot;,&quot;credit&quot;:&quot;&quot;,&quot;camera&quot;:&quot;&quot;,&quot;caption&quot;:&quot;&quot;,&quot;created_timestamp&quot;:&quot;0&quot;,&quot;copyright&quot;:&quot;&quot;,&quot;focal_length&quot;:&quot;0&quot;,&quot;iso&quot;:&quot;0&quot;,&quot;shutter_speed&quot;:&quot;0&quot;,&quot;title&quot;:&quot;&quot;,&quot;orientation&quot;:&quot;0&quot;}\" data-image-title=\"Imagen de WhatsApp 2023-09-13 a las 15.34.50\" data-image-description=\"\" data-image-caption=\"\" data-large-file=\"https:\/\/eldiariodesanpedro.com.ar\/sitio\/wp-content\/uploads\/2023\/09\/Imagen-de-WhatsApp-2023-09-13-a-las-15.34.50.jpg\" data-src=\"https:\/\/eldiariodesanpedro.com.ar\/sitio\/wp-content\/uploads\/2023\/09\/Imagen-de-WhatsApp-2023-09-13-a-las-15.34.50.jpg\" alt=\"\" class=\"wp-image-122202 lazyload\" data-srcset=\"https:\/\/eldiariodesanpedro.com.ar\/sitio\/wp-content\/uploads\/2023\/09\/Imagen-de-WhatsApp-2023-09-13-a-las-15.34.50.jpg 732w, https:\/\/eldiariodesanpedro.com.ar\/sitio\/wp-content\/uploads\/2023\/09\/Imagen-de-WhatsApp-2023-09-13-a-las-15.34.50-300x168.jpg 300w\" data-sizes=\"(max-width: 732px) 100vw, 732px\" src=\"data:image\/svg+xml;base64,PHN2ZyB3aWR0aD0iMSIgaGVpZ2h0PSIxIiB4bWxucz0iaHR0cDovL3d3dy53My5vcmcvMjAwMC9zdmciPjwvc3ZnPg==\" style=\"--smush-placeholder-width: 732px; --smush-placeholder-aspect-ratio: 732\/410;\" \/><\/figure>\n","protected":false},"excerpt":{"rendered":"<p>El Ministerio de Obras P\u00fablicas de la Naci\u00f3n otorg\u00f3 al Municipio el adelanto financiero, por un monto de $153.731.000, para que la empresa Indhal S.R.L., adjudicataria de las obras, pueda comenzar a construir el edificio donde se establecer\u00e1 una nueva Escuela T\u00e9cnica. La instituci\u00f3n educativa se edificar\u00e1 sobre un terreno contiguo al Corral\u00f3n Municipal, donde [&hellip;]<\/p>\n","protected":false},"author":4,"featured_media":122201,"comment_status":"closed","ping_status":"closed","sticky":false,"template":"","format":"standard","meta":{"om_disable_all_campaigns":false,"_jetpack_memberships_contains_paid_content":false,"footnotes":""},"categories":[50,101,2],"tags":[197,696,33,19],"class_list":["post-122200","post","type-post","status-publish","format-standard","has-post-thumbnail","hentry","category-destacadas","category-interes-general-locales","category-locales","tag-buenos-aires","tag-interes-general","tag-locales","tag-san-pedro"],"aioseo_notices":[],"gutentor_comment":0,"jetpack_featured_media_url":"https:\/\/eldiariodesanpedro.com.ar\/sitio\/wp-content\/uploads\/2023\/09\/Imagen-de-WhatsApp-2023-09-13-a-las-15.34.49.jpg","jetpack_shortlink":"https:\/\/wp.me\/p6RhLt-vMY","jetpack_sharing_enabled":true,"_links":{"self":[{"href":"https:\/\/eldiariodesanpedro.com.ar\/sitio\/wp-json\/wp\/v2\/posts\/122200","targetHints":{"allow":["GET"]}}],"collection":[{"href":"https:\/\/eldiariodesanpedro.com.ar\/sitio\/wp-json\/wp\/v2\/posts"}],"about":[{"href":"https:\/\/eldiariodesanpedro.com.ar\/sitio\/wp-json\/wp\/v2\/types\/post"}],"author":[{"embeddable":true,"href":"https:\/\/eldiariodesanpedro.com.ar\/sitio\/wp-json\/wp\/v2\/users\/4"}],"replies":[{"embeddable":true,"href":"https:\/\/eldiariodesanpedro.com.ar\/sitio\/wp-json\/wp\/v2\/comments?post=122200"}],"version-history":[{"count":1,"href":"https:\/\/eldiariodesanpedro.com.ar\/sitio\/wp-json\/wp\/v2\/posts\/122200\/revisions"}],"predecessor-version":[{"id":122203,"href":"https:\/\/eldiariodesanpedro.com.ar\/sitio\/wp-json\/wp\/v2\/posts\/122200\/revisions\/122203"}],"wp:featuredmedia":[{"embeddable":true,"href":"https:\/\/eldiariodesanpedro.com.ar\/sitio\/wp-json\/wp\/v2\/media\/122201"}],"wp:attachment":[{"href":"https:\/\/eldiariodesanpedro.com.ar\/sitio\/wp-json\/wp\/v2\/media?parent=122200"}],"wp:term":[{"taxonomy":"category","embeddable":true,"href":"https:\/\/eldiariodesanpedro.com.ar\/sitio\/wp-json\/wp\/v2\/categories?post=122200"},{"taxonomy":"post_tag","embeddable":true,"href":"https:\/\/eldiariodesanpedro.com.ar\/sitio\/wp-json\/wp\/v2\/tags?post=122200"}],"curies":[{"name":"wp","href":"https:\/\/api.w.org\/{rel}","templated":true}]}}