{"id":12217,"date":"2017-01-04T11:20:38","date_gmt":"2017-01-04T14:20:38","guid":{"rendered":"https:\/\/eldiariodesanpedro.com.ar\/sitio\/?p=12217"},"modified":"2017-01-04T11:20:38","modified_gmt":"2017-01-04T14:20:38","slug":"aparecieron-peces-muerto-en-san-pedro","status":"publish","type":"post","link":"https:\/\/eldiariodesanpedro.com.ar\/sitio\/aparecieron-peces-muerto-en-san-pedro\/","title":{"rendered":"Aparecieron peces muerto en San Pedro"},"content":{"rendered":"<p><!-- VideographyWP Plugin Message: Automatic video embedding prevented by plugin options. --><br \/>\nMortandad de peces en el riacho de San Pedro , un fen\u00f3meno que se producir\u00eda por la falta de ox\u00edgeno en el agua debido a las fuertes lluvias, tambi\u00e9n es un problema que esta ocurriendo en otras localidades de la regi\u00f3n.<\/p>\n<p>Se recomienda no consumir estos pescados porque no se sabe cu\u00e1nto tiempo hace que llevan muertos.<\/p>\n","protected":false},"excerpt":{"rendered":"<p>Mortandad de peces en el riacho de San Pedro , un fen\u00f3meno que se producir\u00eda por la falta de ox\u00edgeno en el agua debido a las fuertes lluvias, tambi\u00e9n es un problema que esta ocurriendo en otras localidades de la regi\u00f3n. Se recomienda no consumir estos pescados porque no se sabe cu\u00e1nto tiempo hace que [&hellip;]<\/p>\n","protected":false},"author":4,"featured_media":12218,"comment_status":"open","ping_status":"closed","sticky":false,"template":"","format":"standard","meta":{"om_disable_all_campaigns":false,"_jetpack_memberships_contains_paid_content":false,"footnotes":""},"categories":[50,101,2],"tags":[],"class_list":["post-12217","post","type-post","status-publish","format-standard","has-post-thumbnail","hentry","category-destacadas","category-interes-general-locales","category-locales"],"aioseo_notices":[],"gutentor_comment":0,"jetpack_featured_media_url":"https:\/\/eldiariodesanpedro.com.ar\/sitio\/wp-content\/uploads\/2017\/01\/pescados.jpg","jetpack_shortlink":"https:\/\/wp.me\/p6RhLt-3b3","jetpack_sharing_enabled":true,"_links":{"self":[{"href":"https:\/\/eldiariodesanpedro.com.ar\/sitio\/wp-json\/wp\/v2\/posts\/12217","targetHints":{"allow":["GET"]}}],"collection":[{"href":"https:\/\/eldiariodesanpedro.com.ar\/sitio\/wp-json\/wp\/v2\/posts"}],"about":[{"href":"https:\/\/eldiariodesanpedro.com.ar\/sitio\/wp-json\/wp\/v2\/types\/post"}],"author":[{"embeddable":true,"href":"https:\/\/eldiariodesanpedro.com.ar\/sitio\/wp-json\/wp\/v2\/users\/4"}],"replies":[{"embeddable":true,"href":"https:\/\/eldiariodesanpedro.com.ar\/sitio\/wp-json\/wp\/v2\/comments?post=12217"}],"version-history":[{"count":1,"href":"https:\/\/eldiariodesanpedro.com.ar\/sitio\/wp-json\/wp\/v2\/posts\/12217\/revisions"}],"predecessor-version":[{"id":12219,"href":"https:\/\/eldiariodesanpedro.com.ar\/sitio\/wp-json\/wp\/v2\/posts\/12217\/revisions\/12219"}],"wp:featuredmedia":[{"embeddable":true,"href":"https:\/\/eldiariodesanpedro.com.ar\/sitio\/wp-json\/wp\/v2\/media\/12218"}],"wp:attachment":[{"href":"https:\/\/eldiariodesanpedro.com.ar\/sitio\/wp-json\/wp\/v2\/media?parent=12217"}],"wp:term":[{"taxonomy":"category","embeddable":true,"href":"https:\/\/eldiariodesanpedro.com.ar\/sitio\/wp-json\/wp\/v2\/categories?post=12217"},{"taxonomy":"post_tag","embeddable":true,"href":"https:\/\/eldiariodesanpedro.com.ar\/sitio\/wp-json\/wp\/v2\/tags?post=12217"}],"curies":[{"name":"wp","href":"https:\/\/api.w.org\/{rel}","templated":true}]}}