{"id":12214,"date":"2017-01-04T11:17:09","date_gmt":"2017-01-04T14:17:09","guid":{"rendered":"https:\/\/eldiariodesanpedro.com.ar\/sitio\/?p=12214"},"modified":"2017-01-04T11:17:09","modified_gmt":"2017-01-04T14:17:09","slug":"fue-hallado-el-cuerpo-del-joven-que-se-ahogo-en-el-rio-en-la-zona-del-paseo-publico-video","status":"publish","type":"post","link":"https:\/\/eldiariodesanpedro.com.ar\/sitio\/fue-hallado-el-cuerpo-del-joven-que-se-ahogo-en-el-rio-en-la-zona-del-paseo-publico-video\/","title":{"rendered":"Fue hallado el cuerpo del joven que se ahogo en el r\u00edo en la zona del Paseo P\u00fablico (V\u00eddeo)"},"content":{"rendered":"<p><!-- VideographyWP Plugin Message: Automatic video embedding prevented by plugin options. --><br \/>\nCerca de las 19.30 hs. de ayer fue encontrado el cad\u00e1ver en la zona del Club N\u00e1utico. Se trata de Sebasti\u00e1n Gomez de 19 a\u00f1os. El joven se hab\u00eda arrojado en la tarde del lunes al r\u00edo desde la zona del muelle del Paseo P\u00fablico y fue hallado ayer, cerca del atardecer, varios metros aguas abajo en cercan\u00edas al sector perteneciente al Club N\u00e1utico.<\/p>\n<p>Trabajaron en las tareas, buzos t\u00e1cticos que colaboraron con la b\u00fasqueda que hab\u00eda iniciado el d\u00eda anterior el guardacostas. El cuerpo sin vida fue reconocido por su madre, a quien le fue permitido el paso al espig\u00f3n del puerto local donde lleg\u00f3 el GC 59 Abadejo.<\/p>\n<p>El ocsiso fue llevado por la morguera de la Coopser para su posterior velatorio que se llevar\u00e1 a cabo hoy.<\/p>\n<p>Hip\u00f3tesis de un suicidio <\/p>\n<p>Varias versiones circulan sobre lo ocurrido en la tarde de ayer en el Paseo P\u00fablico Municipal cuando un joven de 19 a\u00f1os se arroj\u00f3 al r\u00edo y luego de unos minutos desapareci\u00f3 de la superficie. Se cree que podr\u00eda tratarse de un suicidio. <\/p>\n<p>\u201c\u00c9l cuando sale de mi casa me dice que va a venir a correr al Paseo P\u00fablico a hacer gimnasia porque \u00e9l estaba yendo a boxeo\u201d pero \u201cpara mi, \u00e9l lo ten\u00eda decidido hacer esto porque le dej\u00f3 el tel\u00e9fono a su hermano m\u00e1s chiquito de 7 a\u00f1os\u201d, dijo Flavia madre de Sebasti\u00e1n Gomez a \u201cSomos Noticias\u201d. <\/p>\n<p>Y seguidamente cont\u00f3 c\u00f3mo fue la \u00faltima charla que tuvo con su hijo: \u201cAntes de irse le digo: Hijo nos vas a ir a cometer una locura\u201d y contest\u00f3: \u201cNo vieja quedate tranquila que yo vengo\u201d. <\/p>\n<p>En tanto que se\u00f1al\u00f3 que ten\u00eda problemas personales. \u201cTiene al pap\u00e1 enfermo de c\u00e1ncer\u201d sostuvo la mujer y adem\u00e1s \u201c\u00e9l trabaja para ayudarme a mantener sus hermanitos\u201d. <\/p>\n<p>Seguidamente brind\u00f3 otro dato que permite establecer lo que pudo haber sucedido: \u201c\u00c9l hab\u00eda dicho a unos amigos, seg\u00fan comentan algunos vecinos que \u00e9l se iba a matar porque estaba con problemas\u201d. Y agreg\u00f3: \u201cMe enter\u00e9 hoy a la ma\u00f1ana que le dej\u00f3 una carta a la ex mujer de \u00e9l porque estuvo juntado mucho tiempo\u201d. <\/p>\n","protected":false},"excerpt":{"rendered":"<p>Cerca de las 19.30 hs. de ayer fue encontrado el cad\u00e1ver en la zona del Club N\u00e1utico. Se trata de Sebasti\u00e1n Gomez de 19 a\u00f1os. El joven se hab\u00eda arrojado en la tarde del lunes al r\u00edo desde la zona del muelle del Paseo P\u00fablico y fue hallado ayer, cerca del atardecer, varios metros aguas [&hellip;]<\/p>\n","protected":false},"author":4,"featured_media":12215,"comment_status":"open","ping_status":"closed","sticky":false,"template":"","format":"standard","meta":{"om_disable_all_campaigns":false,"_jetpack_memberships_contains_paid_content":false,"footnotes":""},"categories":[50,2,103],"tags":[],"class_list":["post-12214","post","type-post","status-publish","format-standard","has-post-thumbnail","hentry","category-destacadas","category-locales","category-policiales-locales"],"aioseo_notices":[],"gutentor_comment":0,"jetpack_featured_media_url":"https:\/\/eldiariodesanpedro.com.ar\/sitio\/wp-content\/uploads\/2017\/01\/DSC_0365-e1483539284589.jpg","jetpack_shortlink":"https:\/\/wp.me\/p6RhLt-3b0","jetpack_sharing_enabled":true,"_links":{"self":[{"href":"https:\/\/eldiariodesanpedro.com.ar\/sitio\/wp-json\/wp\/v2\/posts\/12214","targetHints":{"allow":["GET"]}}],"collection":[{"href":"https:\/\/eldiariodesanpedro.com.ar\/sitio\/wp-json\/wp\/v2\/posts"}],"about":[{"href":"https:\/\/eldiariodesanpedro.com.ar\/sitio\/wp-json\/wp\/v2\/types\/post"}],"author":[{"embeddable":true,"href":"https:\/\/eldiariodesanpedro.com.ar\/sitio\/wp-json\/wp\/v2\/users\/4"}],"replies":[{"embeddable":true,"href":"https:\/\/eldiariodesanpedro.com.ar\/sitio\/wp-json\/wp\/v2\/comments?post=12214"}],"version-history":[{"count":1,"href":"https:\/\/eldiariodesanpedro.com.ar\/sitio\/wp-json\/wp\/v2\/posts\/12214\/revisions"}],"predecessor-version":[{"id":12216,"href":"https:\/\/eldiariodesanpedro.com.ar\/sitio\/wp-json\/wp\/v2\/posts\/12214\/revisions\/12216"}],"wp:featuredmedia":[{"embeddable":true,"href":"https:\/\/eldiariodesanpedro.com.ar\/sitio\/wp-json\/wp\/v2\/media\/12215"}],"wp:attachment":[{"href":"https:\/\/eldiariodesanpedro.com.ar\/sitio\/wp-json\/wp\/v2\/media?parent=12214"}],"wp:term":[{"taxonomy":"category","embeddable":true,"href":"https:\/\/eldiariodesanpedro.com.ar\/sitio\/wp-json\/wp\/v2\/categories?post=12214"},{"taxonomy":"post_tag","embeddable":true,"href":"https:\/\/eldiariodesanpedro.com.ar\/sitio\/wp-json\/wp\/v2\/tags?post=12214"}],"curies":[{"name":"wp","href":"https:\/\/api.w.org\/{rel}","templated":true}]}}