{"id":12211,"date":"2017-01-04T11:03:25","date_gmt":"2017-01-04T14:03:25","guid":{"rendered":"https:\/\/eldiariodesanpedro.com.ar\/sitio\/?p=12211"},"modified":"2017-01-04T11:03:25","modified_gmt":"2017-01-04T14:03:25","slug":"prestigioso-paleontologo-visito-el-museo-fray-manuel-de-torres","status":"publish","type":"post","link":"https:\/\/eldiariodesanpedro.com.ar\/sitio\/prestigioso-paleontologo-visito-el-museo-fray-manuel-de-torres\/","title":{"rendered":"Prestigioso paleont\u00f3logo visit\u00f3 el Museo Fray Manuel de Torres"},"content":{"rendered":"<p><!-- VideographyWP Plugin Message: Automatic video embedding prevented by plugin options. --><br \/>\nEl Dr. Sebasti\u00e1n Apestegu\u00eda, uno de los m\u00e1s reconocidos paleont\u00f3logos de nuestro pa\u00eds, visit\u00f3 el Museo Paleontol\u00f3gico de San Pedro en la tarde del lunes.<\/p>\n<p>Apestegu\u00eda, descubridor de numerosas especies de dinosaurios de la Patagonia argentina, se lleg\u00f3 hasta nuestra ciudad para charlar con el equipo del Museo sampedrino, con el cual se conoce desde su participaci\u00f3n en el programa \u201cDicciosaurio\u201d, ciclo que se emiti\u00f3 por Canal 7 y que film\u00f3 uno de sus cap\u00edtulos en Campo Sp\u00f3sito.<\/p>\n<p>Sebasti\u00e1n, de vuelta de un viaje a la provincia de C\u00f3rdoba, decidi\u00f3 recalar en nuestra ciudad para conversar con el Grupo Conservacionista y observar los progresos del museo sampedrino, el cual, seg\u00fan sus propias palabras, es \u201cuno de los mejores museos de fauna del Pleistoceno del pa\u00eds\u201d.<\/p>\n<p>El Dr. Apestegu\u00eda ha escrito m\u00e1s de 50 trabajos cient\u00edficos en las publicaciones m\u00e1s importantes de Argentina y el mundo y ha realizado m\u00e1s de 40 campa\u00f1as paleontol\u00f3gicas a diferentes puntos de la Patagonia y pa\u00edses como Bolivia, Ecuador, Estados Unidos, Hungr\u00eda y Francia.<\/p>\n<p>Es investigador adjunto de Conicet y dirige el \u00c1rea de Paleontolog\u00eda de la Fundaci\u00f3n de Historia Natural F\u00e9lix de Azara.<\/p>\n","protected":false},"excerpt":{"rendered":"<p>El Dr. Sebasti\u00e1n Apestegu\u00eda, uno de los m\u00e1s reconocidos paleont\u00f3logos de nuestro pa\u00eds, visit\u00f3 el Museo Paleontol\u00f3gico de San Pedro en la tarde del lunes. Apestegu\u00eda, descubridor de numerosas especies de dinosaurios de la Patagonia argentina, se lleg\u00f3 hasta nuestra ciudad para charlar con el equipo del Museo sampedrino, con el cual se conoce desde [&hellip;]<\/p>\n","protected":false},"author":4,"featured_media":12212,"comment_status":"open","ping_status":"closed","sticky":false,"template":"","format":"standard","meta":{"om_disable_all_campaigns":false,"_jetpack_memberships_contains_paid_content":false,"footnotes":""},"categories":[50,101,2],"tags":[],"class_list":["post-12211","post","type-post","status-publish","format-standard","has-post-thumbnail","hentry","category-destacadas","category-interes-general-locales","category-locales"],"aioseo_notices":[],"gutentor_comment":0,"jetpack_featured_media_url":"https:\/\/eldiariodesanpedro.com.ar\/sitio\/wp-content\/uploads\/2017\/01\/museo.jpg","jetpack_shortlink":"https:\/\/wp.me\/p6RhLt-3aX","jetpack_sharing_enabled":true,"_links":{"self":[{"href":"https:\/\/eldiariodesanpedro.com.ar\/sitio\/wp-json\/wp\/v2\/posts\/12211","targetHints":{"allow":["GET"]}}],"collection":[{"href":"https:\/\/eldiariodesanpedro.com.ar\/sitio\/wp-json\/wp\/v2\/posts"}],"about":[{"href":"https:\/\/eldiariodesanpedro.com.ar\/sitio\/wp-json\/wp\/v2\/types\/post"}],"author":[{"embeddable":true,"href":"https:\/\/eldiariodesanpedro.com.ar\/sitio\/wp-json\/wp\/v2\/users\/4"}],"replies":[{"embeddable":true,"href":"https:\/\/eldiariodesanpedro.com.ar\/sitio\/wp-json\/wp\/v2\/comments?post=12211"}],"version-history":[{"count":1,"href":"https:\/\/eldiariodesanpedro.com.ar\/sitio\/wp-json\/wp\/v2\/posts\/12211\/revisions"}],"predecessor-version":[{"id":12213,"href":"https:\/\/eldiariodesanpedro.com.ar\/sitio\/wp-json\/wp\/v2\/posts\/12211\/revisions\/12213"}],"wp:featuredmedia":[{"embeddable":true,"href":"https:\/\/eldiariodesanpedro.com.ar\/sitio\/wp-json\/wp\/v2\/media\/12212"}],"wp:attachment":[{"href":"https:\/\/eldiariodesanpedro.com.ar\/sitio\/wp-json\/wp\/v2\/media?parent=12211"}],"wp:term":[{"taxonomy":"category","embeddable":true,"href":"https:\/\/eldiariodesanpedro.com.ar\/sitio\/wp-json\/wp\/v2\/categories?post=12211"},{"taxonomy":"post_tag","embeddable":true,"href":"https:\/\/eldiariodesanpedro.com.ar\/sitio\/wp-json\/wp\/v2\/tags?post=12211"}],"curies":[{"name":"wp","href":"https:\/\/api.w.org\/{rel}","templated":true}]}}