{"id":122101,"date":"2023-09-11T10:03:03","date_gmt":"2023-09-11T13:03:03","guid":{"rendered":"https:\/\/eldiariodesanpedro.com.ar\/sitio\/?p=122101"},"modified":"2023-09-11T10:03:06","modified_gmt":"2023-09-11T13:03:06","slug":"destacada-actuacion-de-la-atleta-candela-basaldua-en-el-19-campeonato-nacional-u23","status":"publish","type":"post","link":"https:\/\/eldiariodesanpedro.com.ar\/sitio\/destacada-actuacion-de-la-atleta-candela-basaldua-en-el-19-campeonato-nacional-u23\/","title":{"rendered":"Destacada actuaci\u00f3n de la atleta Candela Basald\u00faa en el 19\u00b0 Campeonato Nacional U23"},"content":{"rendered":"<!-- VideographyWP Plugin Message: Automatic video embedding prevented by plugin options. -->\n\n<p>Este fin de semana se est\u00e1 llevando a cabo en la ciudad de Mar del Plata, el 19\u00b0 Campeonato Nacional U23, donde la atleta Candela Basald\u00faa, representante de la Escuela Municipal de Atletismo particip\u00f3 el d\u00eda s\u00e1bado de la prueba de 400 llanos y accedi\u00f3 a la final despu\u00e9s de salir segunda en su serie con una marca de 58&#8243;79, ya en la final se ubic\u00f3 en el quinto lugar, con una marca de 58&#8243;66, siendo la 5ta en el pa\u00eds en esta disciplina y logrando conseguir su mejor marca (su mejor marca era de 60&#8243;59).<\/p>\n\n\n\n<p>Debido a sus buenas marcas, se gan\u00f3 el lugar en la posta de 4x100mts femenina, donde el equipo consigui\u00f3 el 4to puesto.<\/p>\n\n\n\n<p>Hoy, domingo, la atleta compiti\u00f3 en los 400mts con vallas, logrando su mejor marca con 1&#8217;05&#8243;69 (su mejor marca era 1&#8217;07&#8243;13) y tambi\u00e9n en 200mts llanos, nuevamente mejoro su marca personal, logrando un tiempo de 26&#8243;71 (su mejor marca en esta disciplina era de 27&#8243;33).<\/p>\n\n\n\n<p>Recordemos que accedi\u00f3 a este campeonato al haber obtenido sus marcas m\u00ednimas en el Campeonato Provincial realizado el mes pasado y al consagrarse Campeona Provincial en las pruebas de 400 metros con vallas y 200 metros llanos, compitiendo a sus 16 a\u00f1os contra chicas de hasta 4 a\u00f1os mayores que ella.<\/p>\n\n\n\n<p>Desde la Municipalidad de San Pedro, junto al Intendente Cecilio Salazar, felicitamos a Cande y al grupo de profesores de la escuela Municipal Leonardo Bargues, Jonathan De Palma y Lourdes Dalinger, por este excelente logro y le deseamos la mejor de las suertes para lo&nbsp;que&nbsp;se&nbsp;viene<\/p>\n","protected":false},"excerpt":{"rendered":"<p>Este fin de semana se est\u00e1 llevando a cabo en la ciudad de Mar del Plata, el 19\u00b0 Campeonato Nacional U23, donde la atleta Candela Basald\u00faa, representante de la Escuela Municipal de Atletismo particip\u00f3 el d\u00eda s\u00e1bado de la prueba de 400 llanos y accedi\u00f3 a la final despu\u00e9s de salir segunda en su serie [&hellip;]<\/p>\n","protected":false},"author":4,"featured_media":122102,"comment_status":"closed","ping_status":"closed","sticky":false,"template":"","format":"standard","meta":{"om_disable_all_campaigns":false,"_jetpack_memberships_contains_paid_content":false,"footnotes":""},"categories":[50,101,2],"tags":[197,696,33,19],"class_list":["post-122101","post","type-post","status-publish","format-standard","has-post-thumbnail","hentry","category-destacadas","category-interes-general-locales","category-locales","tag-buenos-aires","tag-interes-general","tag-locales","tag-san-pedro"],"aioseo_notices":[],"gutentor_comment":0,"jetpack_featured_media_url":"https:\/\/eldiariodesanpedro.com.ar\/sitio\/wp-content\/uploads\/2023\/09\/Imagen-de-WhatsApp-2023-09-10-a-las-18.31.03.jpg","jetpack_shortlink":"https:\/\/wp.me\/p6RhLt-vLn","jetpack_sharing_enabled":true,"_links":{"self":[{"href":"https:\/\/eldiariodesanpedro.com.ar\/sitio\/wp-json\/wp\/v2\/posts\/122101","targetHints":{"allow":["GET"]}}],"collection":[{"href":"https:\/\/eldiariodesanpedro.com.ar\/sitio\/wp-json\/wp\/v2\/posts"}],"about":[{"href":"https:\/\/eldiariodesanpedro.com.ar\/sitio\/wp-json\/wp\/v2\/types\/post"}],"author":[{"embeddable":true,"href":"https:\/\/eldiariodesanpedro.com.ar\/sitio\/wp-json\/wp\/v2\/users\/4"}],"replies":[{"embeddable":true,"href":"https:\/\/eldiariodesanpedro.com.ar\/sitio\/wp-json\/wp\/v2\/comments?post=122101"}],"version-history":[{"count":1,"href":"https:\/\/eldiariodesanpedro.com.ar\/sitio\/wp-json\/wp\/v2\/posts\/122101\/revisions"}],"predecessor-version":[{"id":122103,"href":"https:\/\/eldiariodesanpedro.com.ar\/sitio\/wp-json\/wp\/v2\/posts\/122101\/revisions\/122103"}],"wp:featuredmedia":[{"embeddable":true,"href":"https:\/\/eldiariodesanpedro.com.ar\/sitio\/wp-json\/wp\/v2\/media\/122102"}],"wp:attachment":[{"href":"https:\/\/eldiariodesanpedro.com.ar\/sitio\/wp-json\/wp\/v2\/media?parent=122101"}],"wp:term":[{"taxonomy":"category","embeddable":true,"href":"https:\/\/eldiariodesanpedro.com.ar\/sitio\/wp-json\/wp\/v2\/categories?post=122101"},{"taxonomy":"post_tag","embeddable":true,"href":"https:\/\/eldiariodesanpedro.com.ar\/sitio\/wp-json\/wp\/v2\/tags?post=122101"}],"curies":[{"name":"wp","href":"https:\/\/api.w.org\/{rel}","templated":true}]}}