{"id":122093,"date":"2023-09-09T13:31:41","date_gmt":"2023-09-09T16:31:41","guid":{"rendered":"https:\/\/eldiariodesanpedro.com.ar\/sitio\/?p=122093"},"modified":"2023-09-09T13:31:44","modified_gmt":"2023-09-09T16:31:44","slug":"primera-jornada-del-campeonato-federal-de-rally-copa-osvaldo-pato-morresi","status":"publish","type":"post","link":"https:\/\/eldiariodesanpedro.com.ar\/sitio\/primera-jornada-del-campeonato-federal-de-rally-copa-osvaldo-pato-morresi\/","title":{"rendered":"Primera jornada del Campeonato Federal de Rally Copa Osvaldo \u201cPato\u201d Morresi"},"content":{"rendered":"<!-- VideographyWP Plugin Message: Automatic video embedding prevented by plugin options. -->\n\n<p>El recorrido del Chevrolet de Osvaldo Pato Morresi abri\u00f3 el encuentro de los amantes del automovilismo que se reunieron en las puertas de la Municipalidad de San Pedro para la largada simb\u00f3lica de la 5\u00ba fecha del Rally Federal que desde ma\u00f1ana recorre los caminos del Partido.<\/p>\n\n\n\n<p>Esta tarde se realiz\u00f3 la prueba de algunos de los trayectos por parte de los binomios inscriptos y esta noche se present\u00f3 oficialmente la prueba que re\u00fane a pilotos de todo el pa\u00eds.<\/p>\n\n\n\n<p>El Intendente Cecilio Salazar acompa\u00f1\u00f3 a los organizadores de esta prueba en el encuentro que convoc\u00f3 a familias sampedrinas para presenciar la presentaci\u00f3n de cada uno de los participantes.<\/p>\n\n\n\n<p>Germ\u00e1n Lagoa, Presidente del Rally Federal agradeci\u00f3 al Intendente la oportunidad de realizar este rally en San Pedro e hizo entrega a la familia del Pato y a los integrantes de la comisi\u00f3n del Museo de obsequios alusivos a esta competencia en un momento de mucha emoci\u00f3n.<\/p>\n\n\n\n<p>El motor del Chevrolet en marcha, los aplausos de la gente y el inicio de la presentaci\u00f3n completaron este momento tan significativo para todos los amantes del automovilismo y admiradores eternos del querido \u201cPato\u201d.<\/p>\n\n\n\n<p>Finalmente se llev\u00f3 a cabo la largada simb\u00f3lica en la que el Intendente Cecilio Salazar y el Secretario de Hacienda, Alfredo Carrasco participaron de la presentaci\u00f3n de los primeros veh\u00edculos habilitando su paso con la bandera argentina.<\/p>\n\n\n\n<p>Ma\u00f1ana y el domingo se cumplir\u00e1 con el diagrama previsto y en la tarde del domingo se realizar\u00e1 la premiaci\u00f3n y cierre nuevamente frente a la\u00a0Municipalidad.<\/p>\n\n\n\n<figure class=\"wp-block-image size-large\"><img decoding=\"async\" width=\"1024\" height=\"576\" data-attachment-id=\"122097\" data-permalink=\"https:\/\/eldiariodesanpedro.com.ar\/sitio\/primera-jornada-del-campeonato-federal-de-rally-copa-osvaldo-pato-morresi\/imagen-de-whatsapp-2023-09-08-a-las-21-17-201\/\" data-orig-file=\"https:\/\/eldiariodesanpedro.com.ar\/sitio\/wp-content\/uploads\/2023\/09\/Imagen-de-WhatsApp-2023-09-08-a-las-21.17.201.jpg\" data-orig-size=\"1120,630\" data-comments-opened=\"0\" data-image-meta=\"{&quot;aperture&quot;:&quot;0&quot;,&quot;credit&quot;:&quot;&quot;,&quot;camera&quot;:&quot;&quot;,&quot;caption&quot;:&quot;&quot;,&quot;created_timestamp&quot;:&quot;0&quot;,&quot;copyright&quot;:&quot;&quot;,&quot;focal_length&quot;:&quot;0&quot;,&quot;iso&quot;:&quot;0&quot;,&quot;shutter_speed&quot;:&quot;0&quot;,&quot;title&quot;:&quot;&quot;,&quot;orientation&quot;:&quot;0&quot;}\" data-image-title=\"Imagen de WhatsApp 2023-09-08 a las 21.17.201\" data-image-description=\"\" data-image-caption=\"\" data-large-file=\"https:\/\/eldiariodesanpedro.com.ar\/sitio\/wp-content\/uploads\/2023\/09\/Imagen-de-WhatsApp-2023-09-08-a-las-21.17.201-1024x576.jpg\" data-src=\"https:\/\/eldiariodesanpedro.com.ar\/sitio\/wp-content\/uploads\/2023\/09\/Imagen-de-WhatsApp-2023-09-08-a-las-21.17.201-1024x576.jpg\" alt=\"\" class=\"wp-image-122097 lazyload\" data-srcset=\"https:\/\/eldiariodesanpedro.com.ar\/sitio\/wp-content\/uploads\/2023\/09\/Imagen-de-WhatsApp-2023-09-08-a-las-21.17.201-1024x576.jpg 1024w, https:\/\/eldiariodesanpedro.com.ar\/sitio\/wp-content\/uploads\/2023\/09\/Imagen-de-WhatsApp-2023-09-08-a-las-21.17.201-300x169.jpg 300w, https:\/\/eldiariodesanpedro.com.ar\/sitio\/wp-content\/uploads\/2023\/09\/Imagen-de-WhatsApp-2023-09-08-a-las-21.17.201-768x432.jpg 768w, https:\/\/eldiariodesanpedro.com.ar\/sitio\/wp-content\/uploads\/2023\/09\/Imagen-de-WhatsApp-2023-09-08-a-las-21.17.201.jpg 1120w\" data-sizes=\"(max-width: 1024px) 100vw, 1024px\" src=\"data:image\/svg+xml;base64,PHN2ZyB3aWR0aD0iMSIgaGVpZ2h0PSIxIiB4bWxucz0iaHR0cDovL3d3dy53My5vcmcvMjAwMC9zdmciPjwvc3ZnPg==\" style=\"--smush-placeholder-width: 1024px; --smush-placeholder-aspect-ratio: 1024\/576;\" \/><\/figure>\n\n\n\n<figure class=\"wp-block-image size-large\"><img decoding=\"async\" width=\"1024\" height=\"576\" data-attachment-id=\"122096\" data-permalink=\"https:\/\/eldiariodesanpedro.com.ar\/sitio\/primera-jornada-del-campeonato-federal-de-rally-copa-osvaldo-pato-morresi\/imagen-de-whatsapp-2023-09-08-a-las-21-17-20\/\" data-orig-file=\"https:\/\/eldiariodesanpedro.com.ar\/sitio\/wp-content\/uploads\/2023\/09\/Imagen-de-WhatsApp-2023-09-08-a-las-21.17.20.jpg\" data-orig-size=\"1120,630\" data-comments-opened=\"0\" data-image-meta=\"{&quot;aperture&quot;:&quot;0&quot;,&quot;credit&quot;:&quot;&quot;,&quot;camera&quot;:&quot;&quot;,&quot;caption&quot;:&quot;&quot;,&quot;created_timestamp&quot;:&quot;0&quot;,&quot;copyright&quot;:&quot;&quot;,&quot;focal_length&quot;:&quot;0&quot;,&quot;iso&quot;:&quot;0&quot;,&quot;shutter_speed&quot;:&quot;0&quot;,&quot;title&quot;:&quot;&quot;,&quot;orientation&quot;:&quot;0&quot;}\" data-image-title=\"Imagen de WhatsApp 2023-09-08 a las 21.17.20\" data-image-description=\"\" data-image-caption=\"\" data-large-file=\"https:\/\/eldiariodesanpedro.com.ar\/sitio\/wp-content\/uploads\/2023\/09\/Imagen-de-WhatsApp-2023-09-08-a-las-21.17.20-1024x576.jpg\" data-src=\"https:\/\/eldiariodesanpedro.com.ar\/sitio\/wp-content\/uploads\/2023\/09\/Imagen-de-WhatsApp-2023-09-08-a-las-21.17.20-1024x576.jpg\" alt=\"\" class=\"wp-image-122096 lazyload\" data-srcset=\"https:\/\/eldiariodesanpedro.com.ar\/sitio\/wp-content\/uploads\/2023\/09\/Imagen-de-WhatsApp-2023-09-08-a-las-21.17.20-1024x576.jpg 1024w, https:\/\/eldiariodesanpedro.com.ar\/sitio\/wp-content\/uploads\/2023\/09\/Imagen-de-WhatsApp-2023-09-08-a-las-21.17.20-300x169.jpg 300w, https:\/\/eldiariodesanpedro.com.ar\/sitio\/wp-content\/uploads\/2023\/09\/Imagen-de-WhatsApp-2023-09-08-a-las-21.17.20-768x432.jpg 768w, https:\/\/eldiariodesanpedro.com.ar\/sitio\/wp-content\/uploads\/2023\/09\/Imagen-de-WhatsApp-2023-09-08-a-las-21.17.20.jpg 1120w\" data-sizes=\"(max-width: 1024px) 100vw, 1024px\" src=\"data:image\/svg+xml;base64,PHN2ZyB3aWR0aD0iMSIgaGVpZ2h0PSIxIiB4bWxucz0iaHR0cDovL3d3dy53My5vcmcvMjAwMC9zdmciPjwvc3ZnPg==\" style=\"--smush-placeholder-width: 1024px; --smush-placeholder-aspect-ratio: 1024\/576;\" \/><\/figure>\n","protected":false},"excerpt":{"rendered":"<p>El recorrido del Chevrolet de Osvaldo Pato Morresi abri\u00f3 el encuentro de los amantes del automovilismo que se reunieron en las puertas de la Municipalidad de San Pedro para la largada simb\u00f3lica de la 5\u00ba fecha del Rally Federal que desde ma\u00f1ana recorre los caminos del Partido. Esta tarde se realiz\u00f3 la prueba de algunos [&hellip;]<\/p>\n","protected":false},"author":4,"featured_media":122095,"comment_status":"closed","ping_status":"closed","sticky":false,"template":"","format":"standard","meta":{"om_disable_all_campaigns":false,"_jetpack_memberships_contains_paid_content":false,"footnotes":""},"categories":[50,101,2],"tags":[197,696,33,19],"class_list":["post-122093","post","type-post","status-publish","format-standard","has-post-thumbnail","hentry","category-destacadas","category-interes-general-locales","category-locales","tag-buenos-aires","tag-interes-general","tag-locales","tag-san-pedro"],"aioseo_notices":[],"gutentor_comment":0,"jetpack_featured_media_url":"https:\/\/eldiariodesanpedro.com.ar\/sitio\/wp-content\/uploads\/2023\/09\/Imagen-de-WhatsApp-2023-09-08-a-las-21.17.14.jpg","jetpack_shortlink":"https:\/\/wp.me\/p6RhLt-vLf","jetpack_sharing_enabled":true,"_links":{"self":[{"href":"https:\/\/eldiariodesanpedro.com.ar\/sitio\/wp-json\/wp\/v2\/posts\/122093","targetHints":{"allow":["GET"]}}],"collection":[{"href":"https:\/\/eldiariodesanpedro.com.ar\/sitio\/wp-json\/wp\/v2\/posts"}],"about":[{"href":"https:\/\/eldiariodesanpedro.com.ar\/sitio\/wp-json\/wp\/v2\/types\/post"}],"author":[{"embeddable":true,"href":"https:\/\/eldiariodesanpedro.com.ar\/sitio\/wp-json\/wp\/v2\/users\/4"}],"replies":[{"embeddable":true,"href":"https:\/\/eldiariodesanpedro.com.ar\/sitio\/wp-json\/wp\/v2\/comments?post=122093"}],"version-history":[{"count":1,"href":"https:\/\/eldiariodesanpedro.com.ar\/sitio\/wp-json\/wp\/v2\/posts\/122093\/revisions"}],"predecessor-version":[{"id":122098,"href":"https:\/\/eldiariodesanpedro.com.ar\/sitio\/wp-json\/wp\/v2\/posts\/122093\/revisions\/122098"}],"wp:featuredmedia":[{"embeddable":true,"href":"https:\/\/eldiariodesanpedro.com.ar\/sitio\/wp-json\/wp\/v2\/media\/122095"}],"wp:attachment":[{"href":"https:\/\/eldiariodesanpedro.com.ar\/sitio\/wp-json\/wp\/v2\/media?parent=122093"}],"wp:term":[{"taxonomy":"category","embeddable":true,"href":"https:\/\/eldiariodesanpedro.com.ar\/sitio\/wp-json\/wp\/v2\/categories?post=122093"},{"taxonomy":"post_tag","embeddable":true,"href":"https:\/\/eldiariodesanpedro.com.ar\/sitio\/wp-json\/wp\/v2\/tags?post=122093"}],"curies":[{"name":"wp","href":"https:\/\/api.w.org\/{rel}","templated":true}]}}