{"id":122090,"date":"2023-09-08T11:21:27","date_gmt":"2023-09-08T14:21:27","guid":{"rendered":"https:\/\/eldiariodesanpedro.com.ar\/sitio\/?p=122090"},"modified":"2023-09-08T11:21:28","modified_gmt":"2023-09-08T14:21:28","slug":"una-ciudadana-recupero-una-bicicleta-que-le-habian-robado-dias-atras","status":"publish","type":"post","link":"https:\/\/eldiariodesanpedro.com.ar\/sitio\/una-ciudadana-recupero-una-bicicleta-que-le-habian-robado-dias-atras\/","title":{"rendered":"Una ciudadana recupero una bicicleta que le hab\u00edan robado d\u00edas atr\u00e1s"},"content":{"rendered":"<!-- VideographyWP Plugin Message: Automatic video embedding prevented by plugin options. -->\n\n<p>En el d\u00eda de ayer, en horas de la ma\u00f1ana, el personal policial acudi\u00f3 a un llamado en calle Hip\u00f3lito Irigoyen y Almafuerte donde una femenina de 57 a\u00f1os de edad retuvo a un masculino de 43 quien circulaba a bordo de una bicicleta de dama que le fue sustra\u00edda el pasado d\u00eda 25 de agosto. Ante ello, se procedi\u00f3 a la aprehensi\u00f3n del sujeto quien fue notificado de la formaci\u00f3n de la causa por el delito de encubrimiento y luego recupero la libertad, en cuanto al rodado fue restituido a su propietaria. \u00a0<\/p>\n","protected":false},"excerpt":{"rendered":"<p>En el d\u00eda de ayer, en horas de la ma\u00f1ana, el personal policial acudi\u00f3 a un llamado en calle Hip\u00f3lito Irigoyen y Almafuerte donde una femenina de 57 a\u00f1os de edad retuvo a un masculino de 43 quien circulaba a bordo de una bicicleta de dama que le fue sustra\u00edda el pasado d\u00eda 25 de [&hellip;]<\/p>\n","protected":false},"author":4,"featured_media":122091,"comment_status":"closed","ping_status":"closed","sticky":false,"template":"","format":"standard","meta":{"om_disable_all_campaigns":false,"_jetpack_memberships_contains_paid_content":false,"footnotes":""},"categories":[101,2],"tags":[197,696,33,19],"class_list":["post-122090","post","type-post","status-publish","format-standard","has-post-thumbnail","hentry","category-interes-general-locales","category-locales","tag-buenos-aires","tag-interes-general","tag-locales","tag-san-pedro"],"aioseo_notices":[],"gutentor_comment":0,"jetpack_featured_media_url":"https:\/\/eldiariodesanpedro.com.ar\/sitio\/wp-content\/uploads\/2023\/09\/medida-6.png","jetpack_shortlink":"https:\/\/wp.me\/p6RhLt-vLc","jetpack_sharing_enabled":true,"_links":{"self":[{"href":"https:\/\/eldiariodesanpedro.com.ar\/sitio\/wp-json\/wp\/v2\/posts\/122090","targetHints":{"allow":["GET"]}}],"collection":[{"href":"https:\/\/eldiariodesanpedro.com.ar\/sitio\/wp-json\/wp\/v2\/posts"}],"about":[{"href":"https:\/\/eldiariodesanpedro.com.ar\/sitio\/wp-json\/wp\/v2\/types\/post"}],"author":[{"embeddable":true,"href":"https:\/\/eldiariodesanpedro.com.ar\/sitio\/wp-json\/wp\/v2\/users\/4"}],"replies":[{"embeddable":true,"href":"https:\/\/eldiariodesanpedro.com.ar\/sitio\/wp-json\/wp\/v2\/comments?post=122090"}],"version-history":[{"count":1,"href":"https:\/\/eldiariodesanpedro.com.ar\/sitio\/wp-json\/wp\/v2\/posts\/122090\/revisions"}],"predecessor-version":[{"id":122092,"href":"https:\/\/eldiariodesanpedro.com.ar\/sitio\/wp-json\/wp\/v2\/posts\/122090\/revisions\/122092"}],"wp:featuredmedia":[{"embeddable":true,"href":"https:\/\/eldiariodesanpedro.com.ar\/sitio\/wp-json\/wp\/v2\/media\/122091"}],"wp:attachment":[{"href":"https:\/\/eldiariodesanpedro.com.ar\/sitio\/wp-json\/wp\/v2\/media?parent=122090"}],"wp:term":[{"taxonomy":"category","embeddable":true,"href":"https:\/\/eldiariodesanpedro.com.ar\/sitio\/wp-json\/wp\/v2\/categories?post=122090"},{"taxonomy":"post_tag","embeddable":true,"href":"https:\/\/eldiariodesanpedro.com.ar\/sitio\/wp-json\/wp\/v2\/tags?post=122090"}],"curies":[{"name":"wp","href":"https:\/\/api.w.org\/{rel}","templated":true}]}}