{"id":122085,"date":"2023-09-08T10:41:45","date_gmt":"2023-09-08T13:41:45","guid":{"rendered":"https:\/\/eldiariodesanpedro.com.ar\/sitio\/?p=122085"},"modified":"2023-09-08T10:41:48","modified_gmt":"2023-09-08T13:41:48","slug":"el-sec-san-pedro-presente-la-presentacion-de-un-campus-de-capacitacion-de-la-federacion-de-empleados-de-comercio","status":"publish","type":"post","link":"https:\/\/eldiariodesanpedro.com.ar\/sitio\/el-sec-san-pedro-presente-la-presentacion-de-un-campus-de-capacitacion-de-la-federacion-de-empleados-de-comercio\/","title":{"rendered":"El SEC San Pedro presente la presentaci\u00f3n de un campus de capacitaci\u00f3n de la Federaci\u00f3n de Empleados de Comercio"},"content":{"rendered":"<!-- VideographyWP Plugin Message: Automatic video embedding prevented by plugin options. -->\n\n<p>En Mar del Plata, la Federaci\u00f3n Argentina de Empleados de Comercio y Servicios (FAECYS) present\u00f3 este jueves &nbsp;el \u00abCampus FAECYS\u00bb con una jornada de debate y capacitaci\u00f3n, bajo la consigna \u201cImpulsando la capacitaci\u00f3n y el desarrollo cultural\u201d.<\/p>\n\n\n\n<p>El Secretario General del Sindicato de Empleados de Comercio de San Pedro Marcelo Mosteiro particip\u00f3 de la actividad que concluy\u00f3 con el cierre a cargo del Secretario General Armando Cavalieri y en la que se present\u00f3 adem\u00e1s el \u201cAcuerdo Marco\u201d, entre la Federaci\u00f3n y el Ministerio de Cultura de la Naci\u00f3n que encabeza, Trist\u00e1n Bauer.<\/p>\n\n\n\n<p>Dentro de las acciones m\u00e1s relevantes se encuentra el proyecto denominado \u00abCampus de Capacitaci\u00f3n\u00bb, una plataforma educativa desarrollada por la FAECYS para sus trabajadores, a trav\u00e9s de la cual podr\u00e1n incorporarse en forma gratuita al mundo del conocimiento con diversos cursos y talleres, achicando la brecha digital existente.<\/p>\n\n\n\n<p>La apertura estuvo a cargo del Secretario General del Sindicato de Empleados de Comercio de Mar del Plata y Zona Atl\u00e1ntica Guillermo Bianchi y el Secretario de Cultura y Capacitaci\u00f3n del FAECYS, Ram\u00f3n Fern\u00e1ndez y durante todo el d\u00eda se recorri\u00f3 una agenda marcada por las expectativas que generan dentro de la Federaci\u00f3n la ampliaci\u00f3n de las acciones orientadas a mejorar las condiciones de trabajo de todos los mercantiles, recursos y oportunidades que van m\u00e1s all\u00e1 de la formaci\u00f3n t\u00e9cnica y educacional<\/p>\n\n\n\n<p>Estas actividades est\u00e1n en sinton\u00eda con el reciente convenio firmado entre la Federaci\u00f3n y el Ministerio de Cultura de la Naci\u00f3n firmaron para implementar un marco de colaboraci\u00f3n, cooperaci\u00f3n, intercambio y participaci\u00f3n conjunta en iniciativas, proyectos y acciones entre las cuales se destacan obras teatrales, musicales, acceso a instrumentos y fondos como los que permitieron en San Pedro la apertura de la Casa de la Cultura.<\/p>\n\n\n\n<figure class=\"wp-block-image size-full\"><img decoding=\"async\" width=\"630\" height=\"630\" data-attachment-id=\"122086\" data-permalink=\"https:\/\/eldiariodesanpedro.com.ar\/sitio\/el-sec-san-pedro-presente-la-presentacion-de-un-campus-de-capacitacion-de-la-federacion-de-empleados-de-comercio\/sec-1\/\" data-orig-file=\"https:\/\/eldiariodesanpedro.com.ar\/sitio\/wp-content\/uploads\/2023\/09\/sec-1.jpeg\" data-orig-size=\"630,630\" data-comments-opened=\"0\" data-image-meta=\"{&quot;aperture&quot;:&quot;0&quot;,&quot;credit&quot;:&quot;&quot;,&quot;camera&quot;:&quot;&quot;,&quot;caption&quot;:&quot;&quot;,&quot;created_timestamp&quot;:&quot;0&quot;,&quot;copyright&quot;:&quot;&quot;,&quot;focal_length&quot;:&quot;0&quot;,&quot;iso&quot;:&quot;0&quot;,&quot;shutter_speed&quot;:&quot;0&quot;,&quot;title&quot;:&quot;&quot;,&quot;orientation&quot;:&quot;0&quot;}\" data-image-title=\"sec (1)\" data-image-description=\"\" data-image-caption=\"\" data-large-file=\"https:\/\/eldiariodesanpedro.com.ar\/sitio\/wp-content\/uploads\/2023\/09\/sec-1.jpeg\" data-src=\"https:\/\/eldiariodesanpedro.com.ar\/sitio\/wp-content\/uploads\/2023\/09\/sec-1.jpeg\" alt=\"\" class=\"wp-image-122086 lazyload\" data-srcset=\"https:\/\/eldiariodesanpedro.com.ar\/sitio\/wp-content\/uploads\/2023\/09\/sec-1.jpeg 630w, https:\/\/eldiariodesanpedro.com.ar\/sitio\/wp-content\/uploads\/2023\/09\/sec-1-300x300.jpeg 300w, https:\/\/eldiariodesanpedro.com.ar\/sitio\/wp-content\/uploads\/2023\/09\/sec-1-150x150.jpeg 150w\" data-sizes=\"(max-width: 630px) 100vw, 630px\" src=\"data:image\/svg+xml;base64,PHN2ZyB3aWR0aD0iMSIgaGVpZ2h0PSIxIiB4bWxucz0iaHR0cDovL3d3dy53My5vcmcvMjAwMC9zdmciPjwvc3ZnPg==\" style=\"--smush-placeholder-width: 630px; --smush-placeholder-aspect-ratio: 630\/630;\" \/><\/figure>\n","protected":false},"excerpt":{"rendered":"<p>En Mar del Plata, la Federaci\u00f3n Argentina de Empleados de Comercio y Servicios (FAECYS) present\u00f3 este jueves &nbsp;el \u00abCampus FAECYS\u00bb con una jornada de debate y capacitaci\u00f3n, bajo la consigna \u201cImpulsando la capacitaci\u00f3n y el desarrollo cultural\u201d. El Secretario General del Sindicato de Empleados de Comercio de San Pedro Marcelo Mosteiro particip\u00f3 de la actividad [&hellip;]<\/p>\n","protected":false},"author":4,"featured_media":122087,"comment_status":"closed","ping_status":"closed","sticky":false,"template":"","format":"standard","meta":{"om_disable_all_campaigns":false,"_jetpack_memberships_contains_paid_content":false,"footnotes":""},"categories":[50,101,2],"tags":[197,696,33,19],"class_list":["post-122085","post","type-post","status-publish","format-standard","has-post-thumbnail","hentry","category-destacadas","category-interes-general-locales","category-locales","tag-buenos-aires","tag-interes-general","tag-locales","tag-san-pedro"],"aioseo_notices":[],"gutentor_comment":0,"jetpack_featured_media_url":"https:\/\/eldiariodesanpedro.com.ar\/sitio\/wp-content\/uploads\/2023\/09\/sec-2.jpeg","jetpack_shortlink":"https:\/\/wp.me\/p6RhLt-vL7","jetpack_sharing_enabled":true,"_links":{"self":[{"href":"https:\/\/eldiariodesanpedro.com.ar\/sitio\/wp-json\/wp\/v2\/posts\/122085","targetHints":{"allow":["GET"]}}],"collection":[{"href":"https:\/\/eldiariodesanpedro.com.ar\/sitio\/wp-json\/wp\/v2\/posts"}],"about":[{"href":"https:\/\/eldiariodesanpedro.com.ar\/sitio\/wp-json\/wp\/v2\/types\/post"}],"author":[{"embeddable":true,"href":"https:\/\/eldiariodesanpedro.com.ar\/sitio\/wp-json\/wp\/v2\/users\/4"}],"replies":[{"embeddable":true,"href":"https:\/\/eldiariodesanpedro.com.ar\/sitio\/wp-json\/wp\/v2\/comments?post=122085"}],"version-history":[{"count":1,"href":"https:\/\/eldiariodesanpedro.com.ar\/sitio\/wp-json\/wp\/v2\/posts\/122085\/revisions"}],"predecessor-version":[{"id":122089,"href":"https:\/\/eldiariodesanpedro.com.ar\/sitio\/wp-json\/wp\/v2\/posts\/122085\/revisions\/122089"}],"wp:featuredmedia":[{"embeddable":true,"href":"https:\/\/eldiariodesanpedro.com.ar\/sitio\/wp-json\/wp\/v2\/media\/122087"}],"wp:attachment":[{"href":"https:\/\/eldiariodesanpedro.com.ar\/sitio\/wp-json\/wp\/v2\/media?parent=122085"}],"wp:term":[{"taxonomy":"category","embeddable":true,"href":"https:\/\/eldiariodesanpedro.com.ar\/sitio\/wp-json\/wp\/v2\/categories?post=122085"},{"taxonomy":"post_tag","embeddable":true,"href":"https:\/\/eldiariodesanpedro.com.ar\/sitio\/wp-json\/wp\/v2\/tags?post=122085"}],"curies":[{"name":"wp","href":"https:\/\/api.w.org\/{rel}","templated":true}]}}