{"id":12208,"date":"2017-01-04T10:56:08","date_gmt":"2017-01-04T13:56:08","guid":{"rendered":"https:\/\/eldiariodesanpedro.com.ar\/sitio\/?p=12208"},"modified":"2017-01-04T10:56:08","modified_gmt":"2017-01-04T13:56:08","slug":"noche-de-oracion-por-francisco-lopez","status":"publish","type":"post","link":"https:\/\/eldiariodesanpedro.com.ar\/sitio\/noche-de-oracion-por-francisco-lopez\/","title":{"rendered":"Noche de oraci\u00f3n por Francisco L\u00f3pez"},"content":{"rendered":"<p><!-- VideographyWP Plugin Message: Automatic video embedding prevented by plugin options. --><br \/>\nSe llev\u00f3 a cabo en la noche del lunes, organizada por amigos y familiares, que se reunieron para pedir por la mejora de su salud.<br \/>\nDesde el Facebook de la Parroquia Nuestra Se\u00f1ora Del Socorro expresaron: \u201cOrganizada por los j\u00f3venes, hoy compartimos en comunidad una Adoraci\u00f3n Eucar\u00edstica pidiendo por la recuperaci\u00f3n de Francisco L\u00f3pez. Seguimos todos unidos en la oraci\u00f3n por \u00e9l\u201d.<\/p>\n<p>Cabe recordar que el joven se arroj\u00f3 al r\u00edo en una de las playas del Club N\u00e1utico y golpe\u00f3 la cabeza contra la arena. Esto le provoc\u00f3 un traumatismo sobre una de las v\u00e9rtebras. Durante el fin de semana fue intervenido quir\u00fargicamente en dos oportunidades: la primera fue la m\u00e1s riesgosa, se le retir\u00f3 la v\u00e9rtebra que estaba oprimiendo la m\u00e9dula y en la segunda se la restituy\u00f3. Su estado es delicado, pero evoluciona favorablemente.<\/p>\n","protected":false},"excerpt":{"rendered":"<p>Se llev\u00f3 a cabo en la noche del lunes, organizada por amigos y familiares, que se reunieron para pedir por la mejora de su salud. Desde el Facebook de la Parroquia Nuestra Se\u00f1ora Del Socorro expresaron: \u201cOrganizada por los j\u00f3venes, hoy compartimos en comunidad una Adoraci\u00f3n Eucar\u00edstica pidiendo por la recuperaci\u00f3n de Francisco L\u00f3pez. Seguimos [&hellip;]<\/p>\n","protected":false},"author":4,"featured_media":12209,"comment_status":"open","ping_status":"closed","sticky":false,"template":"","format":"standard","meta":{"om_disable_all_campaigns":false,"_jetpack_memberships_contains_paid_content":false,"footnotes":""},"categories":[50,101,2],"tags":[],"class_list":["post-12208","post","type-post","status-publish","format-standard","has-post-thumbnail","hentry","category-destacadas","category-interes-general-locales","category-locales"],"aioseo_notices":[],"gutentor_comment":0,"jetpack_featured_media_url":"https:\/\/eldiariodesanpedro.com.ar\/sitio\/wp-content\/uploads\/2017\/01\/fran-lopez.jpg","jetpack_shortlink":"https:\/\/wp.me\/p6RhLt-3aU","jetpack_sharing_enabled":true,"_links":{"self":[{"href":"https:\/\/eldiariodesanpedro.com.ar\/sitio\/wp-json\/wp\/v2\/posts\/12208","targetHints":{"allow":["GET"]}}],"collection":[{"href":"https:\/\/eldiariodesanpedro.com.ar\/sitio\/wp-json\/wp\/v2\/posts"}],"about":[{"href":"https:\/\/eldiariodesanpedro.com.ar\/sitio\/wp-json\/wp\/v2\/types\/post"}],"author":[{"embeddable":true,"href":"https:\/\/eldiariodesanpedro.com.ar\/sitio\/wp-json\/wp\/v2\/users\/4"}],"replies":[{"embeddable":true,"href":"https:\/\/eldiariodesanpedro.com.ar\/sitio\/wp-json\/wp\/v2\/comments?post=12208"}],"version-history":[{"count":1,"href":"https:\/\/eldiariodesanpedro.com.ar\/sitio\/wp-json\/wp\/v2\/posts\/12208\/revisions"}],"predecessor-version":[{"id":12210,"href":"https:\/\/eldiariodesanpedro.com.ar\/sitio\/wp-json\/wp\/v2\/posts\/12208\/revisions\/12210"}],"wp:featuredmedia":[{"embeddable":true,"href":"https:\/\/eldiariodesanpedro.com.ar\/sitio\/wp-json\/wp\/v2\/media\/12209"}],"wp:attachment":[{"href":"https:\/\/eldiariodesanpedro.com.ar\/sitio\/wp-json\/wp\/v2\/media?parent=12208"}],"wp:term":[{"taxonomy":"category","embeddable":true,"href":"https:\/\/eldiariodesanpedro.com.ar\/sitio\/wp-json\/wp\/v2\/categories?post=12208"},{"taxonomy":"post_tag","embeddable":true,"href":"https:\/\/eldiariodesanpedro.com.ar\/sitio\/wp-json\/wp\/v2\/tags?post=12208"}],"curies":[{"name":"wp","href":"https:\/\/api.w.org\/{rel}","templated":true}]}}