{"id":122069,"date":"2023-09-07T21:48:35","date_gmt":"2023-09-08T00:48:35","guid":{"rendered":"https:\/\/eldiariodesanpedro.com.ar\/sitio\/?p=122069"},"modified":"2023-09-07T21:48:37","modified_gmt":"2023-09-08T00:48:37","slug":"el-intendente-cecilio-salazar-encabezo-junto-al-ministro-de-desarrollo-agrario-una-entrega-de-arboles-frutales","status":"publish","type":"post","link":"https:\/\/eldiariodesanpedro.com.ar\/sitio\/el-intendente-cecilio-salazar-encabezo-junto-al-ministro-de-desarrollo-agrario-una-entrega-de-arboles-frutales\/","title":{"rendered":"El Intendente Cecilio Salazar encabez\u00f3 junto al Ministro de Desarrollo Agrario una entrega de \u00e1rboles frutales"},"content":{"rendered":"<!-- VideographyWP Plugin Message: Automatic video embedding prevented by plugin options. -->\n\n<p>Se llev\u00f3 a cabo este jueves en la Escuela Agraria de R\u00edo Tala, una entrega de \u00e1rboles frutales de distintas especies a Municipios, Instituciones educativas, Organizaciones y Productores particulares de la Provincia de Buenos Aires, a trav\u00e9s de un acto encabezado por el Ministro de Desarrollo Agrario, Javier Rodr\u00edguez y el Intendente Cecilio Salazar.<\/p>\n\n\n\n<p>El encuentro, enmarcado en el Programa de Fomento a la Fruticultura Bonaerense, es una herramienta impulsada desde el Ministerio de Desarrollo Agrario con el fin de recuperar montes frutales envejecidos o implantar nuevos en todo el territorio de la Provincia, con el objetivo de volver a poner en valor la fruticultura bonaerense. Adem\u00e1s, el programa contempla la realizaci\u00f3n de talleres, capacitaciones y acompa\u00f1amiento t\u00e9cnico, presencial o virtual por regiones, contribuyendo a la diversidad productiva sustentable, sostenible, la generaci\u00f3n de valor agregado y el arraigo local.<\/p>\n\n\n\n<p>Durante la jornada, de la que participaron adem\u00e1s, Carla Seain, subsecretaria del Ministerio de Desarrollo Agrario; Renata Valgiusti, directora de Horticultura, Floricultura y Fruticultura del Ministerio provincial; Laura Hansen de INTA; Lucas Aguado por INASE; Gustavo Rolfo de SENASA, autoridades Municipales y representantes de los municipios de Exaltaci\u00f3n de la Cruz, San Nicol\u00e1s, Campana, Ramallo, Arrecifes, Z\u00e1rate y Baradero, se entregaron m\u00e1s de 2700 \u00e1rboles frutales multiespecie, recibiendo hasta 100 \u00e1rboles por inscripto de las especies Manzano, Peral, Membrillero Frambuesa, Limonero, Mandarino, Naranjo, Kiwi, Duraznero Ciruela, Cerezo, Pecan y Olivo. Adem\u00e1s, del acompa\u00f1amiento en aportes no reintegrables y la asistencia t\u00e9cnica. Realizando una entrega de m\u00e1s de 30 mil \u00e1rboles en toda la provincia de Buenos Aires.<\/p>\n\n\n\n<p>El Intendente Cecilio Salazar agradeci\u00f3 al Ministro Rodr\u00edguez por llevar a cabo este programa y por su compromiso con el desarrollo agr\u00edcola de la provincia de Buenos Aires. \u201cHace muchos a\u00f1os llegamos a tener alrededor de 18.000 hect\u00e1reas entre C\u00edtrica y Duraznero y era realmente, y sigue siendo, nuestro orgullo\u201d destac\u00f3 el Jefe Comunal, remarcando adem\u00e1s que la actividad de la fruticultura es realmente muy importante para San Pedro, siendo una de las tantas actividades que ocupa mucha mano de obra intensiva.<\/p>\n\n\n\n<p>Salazar record\u00f3 sus or\u00edgenes como trabajador rural y la relevancia que tiene la producci\u00f3n en toda nuestra zona para centenares de familias, que fruto de su esfuerzo y de las oportunidades que encontraron aqu\u00ed, pudieron desarrollarse.<\/p>\n\n\n\n<p>\u00abEste tipo de iniciativas llegan para respaldarlos y ayudarlos, por eso nuevamente muchas gracias a nuestro Gobernador Axel Kicillof, al Ministro Javier Rodr\u00edguez y todos los que de alguna manera han acompa\u00f1ado y acompa\u00f1an a nuestros trabajadores y productores.<\/p>\n\n\n\n<p>Por su parte, el Ministro Javier Rodr\u00edguez enfatiz\u00f3 la relevancia de la diversificaci\u00f3n productiva: \u00abLa fruticultura es una industria clave para nuestra provincia, y este programa busca revitalizarla y hacerla m\u00e1s sostenible. No solo entregamos \u00e1rboles, sino que tambi\u00e9n brindamos capacitaci\u00f3n y apoyo t\u00e9cnico para asegurar el \u00e9xito de nuestros productores. Estamos comprometidos en construir un futuro pr\u00f3spero y sustentable para la fruticultura bonaerense.\u00bb<\/p>\n\n\n\n<p>Rodr\u00edguez destac\u00f3 su alegr\u00eda por visitar San Pedro, \u201csin ninguna duda, conociendo su historia, es el coraz\u00f3n, el centro, el n\u00facleo de la fruticultura de la provincia de Buenos Aires\u201d y asegur\u00f3 que desde el Ministerio vienen trabajando para incrementar la producci\u00f3n frut\u00edcola en toda la provincia de Buenos Aires con distintas acciones para facilitar el financiamiento, con l\u00edneas para ampliar la fruticultura en periodos m\u00e1s largos y la mirada en acompa\u00f1ar a los viveros, donde de alguna manera es el punto de inicio. Poniendo \u00e9nfasis y trabajando en los aspectos t\u00e9cnicos y sanitarios.<\/p>\n\n\n\n<p>Luego de la actividad, el Intendente Salazar, el Ministro Rodr\u00edguez, la subsecretaria, Carla Seain y el secretario de Gobierno, Mart\u00edn Baraybar, compartieron un encuentro en el Palacio Municipal para abordar futuras colaboraciones y nuevas estrategias que fortalezcan a\u00fan m\u00e1s la fruticultura y el desarrollo agrario en todo el partido\u00a0de\u00a0San\u00a0Pedro.<\/p>\n\n\n\n<figure class=\"wp-block-image size-full\"><img decoding=\"async\" width=\"946\" height=\"630\" data-attachment-id=\"122070\" data-permalink=\"https:\/\/eldiariodesanpedro.com.ar\/sitio\/el-intendente-cecilio-salazar-encabezo-junto-al-ministro-de-desarrollo-agrario-una-entrega-de-arboles-frutales\/imagen-de-whatsapp-2023-09-07-a-las-18-57-48\/\" data-orig-file=\"https:\/\/eldiariodesanpedro.com.ar\/sitio\/wp-content\/uploads\/2023\/09\/Imagen-de-WhatsApp-2023-09-07-a-las-18.57.48.jpg\" data-orig-size=\"946,630\" data-comments-opened=\"0\" data-image-meta=\"{&quot;aperture&quot;:&quot;0&quot;,&quot;credit&quot;:&quot;&quot;,&quot;camera&quot;:&quot;&quot;,&quot;caption&quot;:&quot;&quot;,&quot;created_timestamp&quot;:&quot;0&quot;,&quot;copyright&quot;:&quot;&quot;,&quot;focal_length&quot;:&quot;0&quot;,&quot;iso&quot;:&quot;0&quot;,&quot;shutter_speed&quot;:&quot;0&quot;,&quot;title&quot;:&quot;&quot;,&quot;orientation&quot;:&quot;0&quot;}\" data-image-title=\"Imagen de WhatsApp 2023-09-07 a las 18.57.48\" data-image-description=\"\" data-image-caption=\"\" data-large-file=\"https:\/\/eldiariodesanpedro.com.ar\/sitio\/wp-content\/uploads\/2023\/09\/Imagen-de-WhatsApp-2023-09-07-a-las-18.57.48.jpg\" data-src=\"https:\/\/eldiariodesanpedro.com.ar\/sitio\/wp-content\/uploads\/2023\/09\/Imagen-de-WhatsApp-2023-09-07-a-las-18.57.48.jpg\" alt=\"\" class=\"wp-image-122070 lazyload\" data-srcset=\"https:\/\/eldiariodesanpedro.com.ar\/sitio\/wp-content\/uploads\/2023\/09\/Imagen-de-WhatsApp-2023-09-07-a-las-18.57.48.jpg 946w, https:\/\/eldiariodesanpedro.com.ar\/sitio\/wp-content\/uploads\/2023\/09\/Imagen-de-WhatsApp-2023-09-07-a-las-18.57.48-300x200.jpg 300w, https:\/\/eldiariodesanpedro.com.ar\/sitio\/wp-content\/uploads\/2023\/09\/Imagen-de-WhatsApp-2023-09-07-a-las-18.57.48-768x511.jpg 768w\" data-sizes=\"(max-width: 946px) 100vw, 946px\" src=\"data:image\/svg+xml;base64,PHN2ZyB3aWR0aD0iMSIgaGVpZ2h0PSIxIiB4bWxucz0iaHR0cDovL3d3dy53My5vcmcvMjAwMC9zdmciPjwvc3ZnPg==\" style=\"--smush-placeholder-width: 946px; --smush-placeholder-aspect-ratio: 946\/630;\" \/><\/figure>\n\n\n\n<figure class=\"wp-block-image size-full\"><img decoding=\"async\" width=\"946\" height=\"630\" data-attachment-id=\"122075\" data-permalink=\"https:\/\/eldiariodesanpedro.com.ar\/sitio\/el-intendente-cecilio-salazar-encabezo-junto-al-ministro-de-desarrollo-agrario-una-entrega-de-arboles-frutales\/imagen-de-whatsapp-2023-09-07-a-las-18-58-00\/\" data-orig-file=\"https:\/\/eldiariodesanpedro.com.ar\/sitio\/wp-content\/uploads\/2023\/09\/Imagen-de-WhatsApp-2023-09-07-a-las-18.58.00.jpg\" data-orig-size=\"946,630\" data-comments-opened=\"0\" data-image-meta=\"{&quot;aperture&quot;:&quot;0&quot;,&quot;credit&quot;:&quot;&quot;,&quot;camera&quot;:&quot;&quot;,&quot;caption&quot;:&quot;&quot;,&quot;created_timestamp&quot;:&quot;0&quot;,&quot;copyright&quot;:&quot;&quot;,&quot;focal_length&quot;:&quot;0&quot;,&quot;iso&quot;:&quot;0&quot;,&quot;shutter_speed&quot;:&quot;0&quot;,&quot;title&quot;:&quot;&quot;,&quot;orientation&quot;:&quot;0&quot;}\" data-image-title=\"Imagen de WhatsApp 2023-09-07 a las 18.58.00\" data-image-description=\"\" data-image-caption=\"\" data-large-file=\"https:\/\/eldiariodesanpedro.com.ar\/sitio\/wp-content\/uploads\/2023\/09\/Imagen-de-WhatsApp-2023-09-07-a-las-18.58.00.jpg\" data-src=\"https:\/\/eldiariodesanpedro.com.ar\/sitio\/wp-content\/uploads\/2023\/09\/Imagen-de-WhatsApp-2023-09-07-a-las-18.58.00.jpg\" alt=\"\" class=\"wp-image-122075 lazyload\" data-srcset=\"https:\/\/eldiariodesanpedro.com.ar\/sitio\/wp-content\/uploads\/2023\/09\/Imagen-de-WhatsApp-2023-09-07-a-las-18.58.00.jpg 946w, https:\/\/eldiariodesanpedro.com.ar\/sitio\/wp-content\/uploads\/2023\/09\/Imagen-de-WhatsApp-2023-09-07-a-las-18.58.00-300x200.jpg 300w, https:\/\/eldiariodesanpedro.com.ar\/sitio\/wp-content\/uploads\/2023\/09\/Imagen-de-WhatsApp-2023-09-07-a-las-18.58.00-768x511.jpg 768w\" data-sizes=\"(max-width: 946px) 100vw, 946px\" src=\"data:image\/svg+xml;base64,PHN2ZyB3aWR0aD0iMSIgaGVpZ2h0PSIxIiB4bWxucz0iaHR0cDovL3d3dy53My5vcmcvMjAwMC9zdmciPjwvc3ZnPg==\" style=\"--smush-placeholder-width: 946px; --smush-placeholder-aspect-ratio: 946\/630;\" \/><\/figure>\n\n\n\n<figure class=\"wp-block-image size-full\"><img decoding=\"async\" width=\"946\" height=\"630\" data-attachment-id=\"122073\" data-permalink=\"https:\/\/eldiariodesanpedro.com.ar\/sitio\/el-intendente-cecilio-salazar-encabezo-junto-al-ministro-de-desarrollo-agrario-una-entrega-de-arboles-frutales\/imagen-de-whatsapp-2023-09-07-a-las-18-57-57\/\" data-orig-file=\"https:\/\/eldiariodesanpedro.com.ar\/sitio\/wp-content\/uploads\/2023\/09\/Imagen-de-WhatsApp-2023-09-07-a-las-18.57.57.jpg\" data-orig-size=\"946,630\" data-comments-opened=\"0\" data-image-meta=\"{&quot;aperture&quot;:&quot;0&quot;,&quot;credit&quot;:&quot;&quot;,&quot;camera&quot;:&quot;&quot;,&quot;caption&quot;:&quot;&quot;,&quot;created_timestamp&quot;:&quot;0&quot;,&quot;copyright&quot;:&quot;&quot;,&quot;focal_length&quot;:&quot;0&quot;,&quot;iso&quot;:&quot;0&quot;,&quot;shutter_speed&quot;:&quot;0&quot;,&quot;title&quot;:&quot;&quot;,&quot;orientation&quot;:&quot;0&quot;}\" data-image-title=\"Imagen de WhatsApp 2023-09-07 a las 18.57.57\" data-image-description=\"\" data-image-caption=\"\" data-large-file=\"https:\/\/eldiariodesanpedro.com.ar\/sitio\/wp-content\/uploads\/2023\/09\/Imagen-de-WhatsApp-2023-09-07-a-las-18.57.57.jpg\" data-src=\"https:\/\/eldiariodesanpedro.com.ar\/sitio\/wp-content\/uploads\/2023\/09\/Imagen-de-WhatsApp-2023-09-07-a-las-18.57.57.jpg\" alt=\"\" class=\"wp-image-122073 lazyload\" data-srcset=\"https:\/\/eldiariodesanpedro.com.ar\/sitio\/wp-content\/uploads\/2023\/09\/Imagen-de-WhatsApp-2023-09-07-a-las-18.57.57.jpg 946w, https:\/\/eldiariodesanpedro.com.ar\/sitio\/wp-content\/uploads\/2023\/09\/Imagen-de-WhatsApp-2023-09-07-a-las-18.57.57-300x200.jpg 300w, https:\/\/eldiariodesanpedro.com.ar\/sitio\/wp-content\/uploads\/2023\/09\/Imagen-de-WhatsApp-2023-09-07-a-las-18.57.57-768x511.jpg 768w\" data-sizes=\"(max-width: 946px) 100vw, 946px\" src=\"data:image\/svg+xml;base64,PHN2ZyB3aWR0aD0iMSIgaGVpZ2h0PSIxIiB4bWxucz0iaHR0cDovL3d3dy53My5vcmcvMjAwMC9zdmciPjwvc3ZnPg==\" style=\"--smush-placeholder-width: 946px; --smush-placeholder-aspect-ratio: 946\/630;\" \/><\/figure>\n","protected":false},"excerpt":{"rendered":"<p>Se llev\u00f3 a cabo este jueves en la Escuela Agraria de R\u00edo Tala, una entrega de \u00e1rboles frutales de distintas especies a Municipios, Instituciones educativas, Organizaciones y Productores particulares de la Provincia de Buenos Aires, a trav\u00e9s de un acto encabezado por el Ministro de Desarrollo Agrario, Javier Rodr\u00edguez y el Intendente Cecilio Salazar. El [&hellip;]<\/p>\n","protected":false},"author":4,"featured_media":122071,"comment_status":"closed","ping_status":"closed","sticky":false,"template":"","format":"standard","meta":{"om_disable_all_campaigns":false,"_jetpack_memberships_contains_paid_content":false,"footnotes":""},"categories":[50,101,2],"tags":[197,696,33,19],"class_list":["post-122069","post","type-post","status-publish","format-standard","has-post-thumbnail","hentry","category-destacadas","category-interes-general-locales","category-locales","tag-buenos-aires","tag-interes-general","tag-locales","tag-san-pedro"],"aioseo_notices":[],"gutentor_comment":0,"jetpack_featured_media_url":"https:\/\/eldiariodesanpedro.com.ar\/sitio\/wp-content\/uploads\/2023\/09\/Imagen-de-WhatsApp-2023-09-07-a-las-18.57.49.jpg","jetpack_shortlink":"https:\/\/wp.me\/p6RhLt-vKR","jetpack_sharing_enabled":true,"_links":{"self":[{"href":"https:\/\/eldiariodesanpedro.com.ar\/sitio\/wp-json\/wp\/v2\/posts\/122069","targetHints":{"allow":["GET"]}}],"collection":[{"href":"https:\/\/eldiariodesanpedro.com.ar\/sitio\/wp-json\/wp\/v2\/posts"}],"about":[{"href":"https:\/\/eldiariodesanpedro.com.ar\/sitio\/wp-json\/wp\/v2\/types\/post"}],"author":[{"embeddable":true,"href":"https:\/\/eldiariodesanpedro.com.ar\/sitio\/wp-json\/wp\/v2\/users\/4"}],"replies":[{"embeddable":true,"href":"https:\/\/eldiariodesanpedro.com.ar\/sitio\/wp-json\/wp\/v2\/comments?post=122069"}],"version-history":[{"count":1,"href":"https:\/\/eldiariodesanpedro.com.ar\/sitio\/wp-json\/wp\/v2\/posts\/122069\/revisions"}],"predecessor-version":[{"id":122078,"href":"https:\/\/eldiariodesanpedro.com.ar\/sitio\/wp-json\/wp\/v2\/posts\/122069\/revisions\/122078"}],"wp:featuredmedia":[{"embeddable":true,"href":"https:\/\/eldiariodesanpedro.com.ar\/sitio\/wp-json\/wp\/v2\/media\/122071"}],"wp:attachment":[{"href":"https:\/\/eldiariodesanpedro.com.ar\/sitio\/wp-json\/wp\/v2\/media?parent=122069"}],"wp:term":[{"taxonomy":"category","embeddable":true,"href":"https:\/\/eldiariodesanpedro.com.ar\/sitio\/wp-json\/wp\/v2\/categories?post=122069"},{"taxonomy":"post_tag","embeddable":true,"href":"https:\/\/eldiariodesanpedro.com.ar\/sitio\/wp-json\/wp\/v2\/tags?post=122069"}],"curies":[{"name":"wp","href":"https:\/\/api.w.org\/{rel}","templated":true}]}}