{"id":122066,"date":"2023-09-07T21:38:40","date_gmt":"2023-09-08T00:38:40","guid":{"rendered":"https:\/\/eldiariodesanpedro.com.ar\/sitio\/?p=122066"},"modified":"2023-09-07T21:38:42","modified_gmt":"2023-09-08T00:38:42","slug":"reunion-con-representantes-del-fideicomiso-viejo-vivero","status":"publish","type":"post","link":"https:\/\/eldiariodesanpedro.com.ar\/sitio\/reunion-con-representantes-del-fideicomiso-viejo-vivero\/","title":{"rendered":"Reuni\u00f3n con representantes del Fideicomiso \u00abViejo Vivero\u00bb"},"content":{"rendered":"<!-- VideographyWP Plugin Message: Automatic video embedding prevented by plugin options. -->\n\n<p>El Intendente Cecilio Salazar recibi\u00f3 esta ma\u00f1ana en su despacho a los representantes del Fideicomiso Viejo Vivero que lleva adelante un desarrollo para la urbanizaci\u00f3n de unos 70 lotes en un predio ubicado en inmediaciones de Crucero General Belgrano y Ruta 1001.<\/p>\n\n\n\n<p>El Dr. Mat\u00edas Velo secretario gremial del Sindicato de Luz y Fuerza Zona del Paran\u00e1 y Juan Pablo Romero representante del fideicomiso mantuvieron este encuentro con el jefe comunal para actualizar las novedades sobre este proyecto de autogesti\u00f3n en el que ya se han comenzado a levantar las primeras viviendas y que se encuentra gestionando la llegada de todos los servicios correspondientes.<\/p>\n\n\n\n<p>Desde el gobierno municipal se acompa\u00f1a las gestiones y tr\u00e1mites que son necesarios a nivel provincial para este emprendimiento que comprender\u00e1 a unas 70 familias. Durante los \u00faltimos meses se avanza con la infraestructura de tendido el\u00e9ctrico, red de agua potable, apertura de calles y la planificaci\u00f3n para la instalaci\u00f3n de biodigestores para cada una de&nbsp;las&nbsp;viviendas.<\/p>\n","protected":false},"excerpt":{"rendered":"<p>El Intendente Cecilio Salazar recibi\u00f3 esta ma\u00f1ana en su despacho a los representantes del Fideicomiso Viejo Vivero que lleva adelante un desarrollo para la urbanizaci\u00f3n de unos 70 lotes en un predio ubicado en inmediaciones de Crucero General Belgrano y Ruta 1001. El Dr. Mat\u00edas Velo secretario gremial del Sindicato de Luz y Fuerza Zona [&hellip;]<\/p>\n","protected":false},"author":4,"featured_media":122067,"comment_status":"closed","ping_status":"closed","sticky":false,"template":"","format":"standard","meta":{"om_disable_all_campaigns":false,"_jetpack_memberships_contains_paid_content":false,"footnotes":""},"categories":[50,101,2],"tags":[197,696,33,19],"class_list":["post-122066","post","type-post","status-publish","format-standard","has-post-thumbnail","hentry","category-destacadas","category-interes-general-locales","category-locales","tag-buenos-aires","tag-interes-general","tag-locales","tag-san-pedro"],"aioseo_notices":[],"gutentor_comment":0,"jetpack_featured_media_url":"https:\/\/eldiariodesanpedro.com.ar\/sitio\/wp-content\/uploads\/2023\/09\/Imagen-de-WhatsApp-2023-09-07-a-las-17.47.39.jpg","jetpack_shortlink":"https:\/\/wp.me\/p6RhLt-vKO","jetpack_sharing_enabled":true,"_links":{"self":[{"href":"https:\/\/eldiariodesanpedro.com.ar\/sitio\/wp-json\/wp\/v2\/posts\/122066","targetHints":{"allow":["GET"]}}],"collection":[{"href":"https:\/\/eldiariodesanpedro.com.ar\/sitio\/wp-json\/wp\/v2\/posts"}],"about":[{"href":"https:\/\/eldiariodesanpedro.com.ar\/sitio\/wp-json\/wp\/v2\/types\/post"}],"author":[{"embeddable":true,"href":"https:\/\/eldiariodesanpedro.com.ar\/sitio\/wp-json\/wp\/v2\/users\/4"}],"replies":[{"embeddable":true,"href":"https:\/\/eldiariodesanpedro.com.ar\/sitio\/wp-json\/wp\/v2\/comments?post=122066"}],"version-history":[{"count":1,"href":"https:\/\/eldiariodesanpedro.com.ar\/sitio\/wp-json\/wp\/v2\/posts\/122066\/revisions"}],"predecessor-version":[{"id":122068,"href":"https:\/\/eldiariodesanpedro.com.ar\/sitio\/wp-json\/wp\/v2\/posts\/122066\/revisions\/122068"}],"wp:featuredmedia":[{"embeddable":true,"href":"https:\/\/eldiariodesanpedro.com.ar\/sitio\/wp-json\/wp\/v2\/media\/122067"}],"wp:attachment":[{"href":"https:\/\/eldiariodesanpedro.com.ar\/sitio\/wp-json\/wp\/v2\/media?parent=122066"}],"wp:term":[{"taxonomy":"category","embeddable":true,"href":"https:\/\/eldiariodesanpedro.com.ar\/sitio\/wp-json\/wp\/v2\/categories?post=122066"},{"taxonomy":"post_tag","embeddable":true,"href":"https:\/\/eldiariodesanpedro.com.ar\/sitio\/wp-json\/wp\/v2\/tags?post=122066"}],"curies":[{"name":"wp","href":"https:\/\/api.w.org\/{rel}","templated":true}]}}