{"id":122062,"date":"2023-09-07T17:31:33","date_gmt":"2023-09-07T20:31:33","guid":{"rendered":"https:\/\/eldiariodesanpedro.com.ar\/sitio\/?p=122062"},"modified":"2023-09-07T17:31:34","modified_gmt":"2023-09-07T20:31:34","slug":"dos-jovenes-robaron-aros-en-un-comercio-y-la-policia-los-atrapo","status":"publish","type":"post","link":"https:\/\/eldiariodesanpedro.com.ar\/sitio\/dos-jovenes-robaron-aros-en-un-comercio-y-la-policia-los-atrapo\/","title":{"rendered":"Dos jovenes robaron aros en un comercio y la policia los atrapo"},"content":{"rendered":"<!-- VideographyWP Plugin Message: Automatic video embedding prevented by plugin options. -->\n\n<p>Un joven de 16 a\u00f1os fue aprehendido luego de perpetrar un robo, junto a un c\u00f3mplice, en un comercio de la zona c\u00e9ntrica de la ciudad.&nbsp;<\/p>\n\n\n\n<p>Un llamado al sistema de emergencia 911 determin\u00f3 que un patrullero acudiera a Balcarce 59, en donde el propietario del negocio ten\u00eda retenido a un adolescente de 16 a\u00f1os.&nbsp;<a><\/a><\/p>\n\n\n\n<p>Momentos antes, junto a otro joven, sustrajo un bl\u00edster de aros de acero quir\u00fargico de un local de ropa masculina.&nbsp;<\/p>\n\n\n\n<p>Uno de los autores se dio a la fuga antes del arribo del m\u00f3vil.&nbsp;<\/p>\n\n\n\n<p>Tom\u00f3 intervenci\u00f3n la UFI del Joven, que inici\u00f3 actuaciones caratuladas como \u00abHurto\u00bb.<\/p>\n","protected":false},"excerpt":{"rendered":"<p>Un joven de 16 a\u00f1os fue aprehendido luego de perpetrar un robo, junto a un c\u00f3mplice, en un comercio de la zona c\u00e9ntrica de la ciudad.&nbsp; Un llamado al sistema de emergencia 911 determin\u00f3 que un patrullero acudiera a Balcarce 59, en donde el propietario del negocio ten\u00eda retenido a un adolescente de 16 a\u00f1os.&nbsp; [&hellip;]<\/p>\n","protected":false},"author":4,"featured_media":68206,"comment_status":"closed","ping_status":"closed","sticky":false,"template":"","format":"standard","meta":{"om_disable_all_campaigns":false,"_jetpack_memberships_contains_paid_content":false,"footnotes":""},"categories":[2,103],"tags":[197,33,95,19],"class_list":["post-122062","post","type-post","status-publish","format-standard","has-post-thumbnail","hentry","category-locales","category-policiales-locales","tag-buenos-aires","tag-locales","tag-policiales","tag-san-pedro"],"aioseo_notices":[],"gutentor_comment":0,"jetpack_featured_media_url":"https:\/\/eldiariodesanpedro.com.ar\/sitio\/wp-content\/uploads\/2020\/02\/SUJETOS-DETENIDOS.jpg","jetpack_shortlink":"https:\/\/wp.me\/p6RhLt-vKK","jetpack_sharing_enabled":true,"_links":{"self":[{"href":"https:\/\/eldiariodesanpedro.com.ar\/sitio\/wp-json\/wp\/v2\/posts\/122062","targetHints":{"allow":["GET"]}}],"collection":[{"href":"https:\/\/eldiariodesanpedro.com.ar\/sitio\/wp-json\/wp\/v2\/posts"}],"about":[{"href":"https:\/\/eldiariodesanpedro.com.ar\/sitio\/wp-json\/wp\/v2\/types\/post"}],"author":[{"embeddable":true,"href":"https:\/\/eldiariodesanpedro.com.ar\/sitio\/wp-json\/wp\/v2\/users\/4"}],"replies":[{"embeddable":true,"href":"https:\/\/eldiariodesanpedro.com.ar\/sitio\/wp-json\/wp\/v2\/comments?post=122062"}],"version-history":[{"count":1,"href":"https:\/\/eldiariodesanpedro.com.ar\/sitio\/wp-json\/wp\/v2\/posts\/122062\/revisions"}],"predecessor-version":[{"id":122063,"href":"https:\/\/eldiariodesanpedro.com.ar\/sitio\/wp-json\/wp\/v2\/posts\/122062\/revisions\/122063"}],"wp:featuredmedia":[{"embeddable":true,"href":"https:\/\/eldiariodesanpedro.com.ar\/sitio\/wp-json\/wp\/v2\/media\/68206"}],"wp:attachment":[{"href":"https:\/\/eldiariodesanpedro.com.ar\/sitio\/wp-json\/wp\/v2\/media?parent=122062"}],"wp:term":[{"taxonomy":"category","embeddable":true,"href":"https:\/\/eldiariodesanpedro.com.ar\/sitio\/wp-json\/wp\/v2\/categories?post=122062"},{"taxonomy":"post_tag","embeddable":true,"href":"https:\/\/eldiariodesanpedro.com.ar\/sitio\/wp-json\/wp\/v2\/tags?post=122062"}],"curies":[{"name":"wp","href":"https:\/\/api.w.org\/{rel}","templated":true}]}}