{"id":12206,"date":"2017-01-04T10:53:07","date_gmt":"2017-01-04T13:53:07","guid":{"rendered":"https:\/\/eldiariodesanpedro.com.ar\/sitio\/?p=12206"},"modified":"2017-01-04T10:53:07","modified_gmt":"2017-01-04T13:53:07","slug":"incendio-de-un-vehiculo-en-la-madrugada","status":"publish","type":"post","link":"https:\/\/eldiariodesanpedro.com.ar\/sitio\/incendio-de-un-vehiculo-en-la-madrugada\/","title":{"rendered":"Incendio de un veh\u00edculo en la madrugada"},"content":{"rendered":"<p><!-- VideographyWP Plugin Message: Automatic video embedding prevented by plugin options. --><br \/>\nPersonal policial de nuestra ciudad se debi\u00f3 hacer presente junto a Bomberos Voluntarios en un domicilio ubicado en calle Casella y Manuel Iglesias, donde se estaba llevando a cabo un incendio en un autom\u00f3vil marca Fiat 147.<\/p>\n<p>En el momento, al hablar con la due\u00f1a del veh\u00edculo, una joven de 24 a\u00f1os de edad con frondosos antecedentes, manifest\u00f3 que no era su intenci\u00f3n realizar ning\u00fan tipo de declaraci\u00f3n sobre lo sucedido y que tampoco har\u00eda una denuncia.<\/p>\n","protected":false},"excerpt":{"rendered":"<p>Personal policial de nuestra ciudad se debi\u00f3 hacer presente junto a Bomberos Voluntarios en un domicilio ubicado en calle Casella y Manuel Iglesias, donde se estaba llevando a cabo un incendio en un autom\u00f3vil marca Fiat 147. En el momento, al hablar con la due\u00f1a del veh\u00edculo, una joven de 24 a\u00f1os de edad con [&hellip;]<\/p>\n","protected":false},"author":4,"featured_media":10494,"comment_status":"open","ping_status":"closed","sticky":false,"template":"","format":"standard","meta":{"om_disable_all_campaigns":false,"_jetpack_memberships_contains_paid_content":false,"footnotes":""},"categories":[2,103],"tags":[],"class_list":["post-12206","post","type-post","status-publish","format-standard","has-post-thumbnail","hentry","category-locales","category-policiales-locales"],"aioseo_notices":[],"gutentor_comment":0,"jetpack_featured_media_url":"https:\/\/eldiariodesanpedro.com.ar\/sitio\/wp-content\/uploads\/2016\/11\/bomberos-voluntarios.jpg","jetpack_shortlink":"https:\/\/wp.me\/p6RhLt-3aS","jetpack_sharing_enabled":true,"_links":{"self":[{"href":"https:\/\/eldiariodesanpedro.com.ar\/sitio\/wp-json\/wp\/v2\/posts\/12206","targetHints":{"allow":["GET"]}}],"collection":[{"href":"https:\/\/eldiariodesanpedro.com.ar\/sitio\/wp-json\/wp\/v2\/posts"}],"about":[{"href":"https:\/\/eldiariodesanpedro.com.ar\/sitio\/wp-json\/wp\/v2\/types\/post"}],"author":[{"embeddable":true,"href":"https:\/\/eldiariodesanpedro.com.ar\/sitio\/wp-json\/wp\/v2\/users\/4"}],"replies":[{"embeddable":true,"href":"https:\/\/eldiariodesanpedro.com.ar\/sitio\/wp-json\/wp\/v2\/comments?post=12206"}],"version-history":[{"count":1,"href":"https:\/\/eldiariodesanpedro.com.ar\/sitio\/wp-json\/wp\/v2\/posts\/12206\/revisions"}],"predecessor-version":[{"id":12207,"href":"https:\/\/eldiariodesanpedro.com.ar\/sitio\/wp-json\/wp\/v2\/posts\/12206\/revisions\/12207"}],"wp:featuredmedia":[{"embeddable":true,"href":"https:\/\/eldiariodesanpedro.com.ar\/sitio\/wp-json\/wp\/v2\/media\/10494"}],"wp:attachment":[{"href":"https:\/\/eldiariodesanpedro.com.ar\/sitio\/wp-json\/wp\/v2\/media?parent=12206"}],"wp:term":[{"taxonomy":"category","embeddable":true,"href":"https:\/\/eldiariodesanpedro.com.ar\/sitio\/wp-json\/wp\/v2\/categories?post=12206"},{"taxonomy":"post_tag","embeddable":true,"href":"https:\/\/eldiariodesanpedro.com.ar\/sitio\/wp-json\/wp\/v2\/tags?post=12206"}],"curies":[{"name":"wp","href":"https:\/\/api.w.org\/{rel}","templated":true}]}}