{"id":122059,"date":"2023-09-07T17:23:47","date_gmt":"2023-09-07T20:23:47","guid":{"rendered":"https:\/\/eldiariodesanpedro.com.ar\/sitio\/?p=122059"},"modified":"2023-09-07T17:23:50","modified_gmt":"2023-09-07T20:23:50","slug":"7-de-octubre-batalla-de-gallos-y-fiesta-cultural-en-el-skate-park","status":"publish","type":"post","link":"https:\/\/eldiariodesanpedro.com.ar\/sitio\/7-de-octubre-batalla-de-gallos-y-fiesta-cultural-en-el-skate-park\/","title":{"rendered":"7 de octubre: Batalla de Gallos y fiesta cultural en el Skate Park"},"content":{"rendered":"<!-- VideographyWP Plugin Message: Automatic video embedding prevented by plugin options. -->\n\n<p>El pr\u00f3ximo 7 de octubre en el Skate Park de la costanera sampedrina la Secretar\u00eda de Cultura y Turismo de la Municipalidad organizar\u00e1 la primera batalla de gallos acompa\u00f1ada de m\u00faltiples actividades para compartir con amigos y amigas en el entorno maravilloso que ofrece ese espacio.<\/p>\n\n\n\n<p>Conocidos bajo ese nombre, este tipo de encuentros son encuentros de rap o free style en el que los participantes van realizando performances en las que suelen competir, hablando sobre diferentes tem\u00e1ticas con bases hip hop y en ocasiones la actuaci\u00f3n de dj&#8217;s en vivo.<\/p>\n\n\n\n<p>En San Pedro hay una gran cantidad de cultores del g\u00e9nero que tendr\u00e1n la oportunidad de compartir esta fiesta para la cual deben inscribirse en la Casona de Mitre y Liniers o a trav\u00e9s del whatsapp 3329-644042.<\/p>\n\n\n\n<p>Adem\u00e1s de la \u00abbatalla\u00bb los organizadores preparan otro tipo de intervenciones art\u00edsticas, shows en vivo, skate, slackline (equilibrio en cintas el\u00e1sticas) acrobacias en telas y mucho m\u00e1s.<\/p>\n\n\n\n<p>En tanto se vaya acercando la fecha se ir\u00e1n anticipando mayores detalles de la propuesta que ya tiene fecha en la agenda del&nbsp;mes&nbsp;pr\u00f3ximo.<\/p>\n","protected":false},"excerpt":{"rendered":"<p>El pr\u00f3ximo 7 de octubre en el Skate Park de la costanera sampedrina la Secretar\u00eda de Cultura y Turismo de la Municipalidad organizar\u00e1 la primera batalla de gallos acompa\u00f1ada de m\u00faltiples actividades para compartir con amigos y amigas en el entorno maravilloso que ofrece ese espacio. Conocidos bajo ese nombre, este tipo de encuentros son [&hellip;]<\/p>\n","protected":false},"author":4,"featured_media":122060,"comment_status":"closed","ping_status":"closed","sticky":false,"template":"","format":"standard","meta":{"om_disable_all_campaigns":false,"_jetpack_memberships_contains_paid_content":false,"footnotes":""},"categories":[50,101,2],"tags":[197,33,95,19],"class_list":["post-122059","post","type-post","status-publish","format-standard","has-post-thumbnail","hentry","category-destacadas","category-interes-general-locales","category-locales","tag-buenos-aires","tag-locales","tag-policiales","tag-san-pedro"],"aioseo_notices":[],"gutentor_comment":0,"jetpack_featured_media_url":"https:\/\/eldiariodesanpedro.com.ar\/sitio\/wp-content\/uploads\/2023\/09\/medida-5.png","jetpack_shortlink":"https:\/\/wp.me\/p6RhLt-vKH","jetpack_sharing_enabled":true,"_links":{"self":[{"href":"https:\/\/eldiariodesanpedro.com.ar\/sitio\/wp-json\/wp\/v2\/posts\/122059","targetHints":{"allow":["GET"]}}],"collection":[{"href":"https:\/\/eldiariodesanpedro.com.ar\/sitio\/wp-json\/wp\/v2\/posts"}],"about":[{"href":"https:\/\/eldiariodesanpedro.com.ar\/sitio\/wp-json\/wp\/v2\/types\/post"}],"author":[{"embeddable":true,"href":"https:\/\/eldiariodesanpedro.com.ar\/sitio\/wp-json\/wp\/v2\/users\/4"}],"replies":[{"embeddable":true,"href":"https:\/\/eldiariodesanpedro.com.ar\/sitio\/wp-json\/wp\/v2\/comments?post=122059"}],"version-history":[{"count":1,"href":"https:\/\/eldiariodesanpedro.com.ar\/sitio\/wp-json\/wp\/v2\/posts\/122059\/revisions"}],"predecessor-version":[{"id":122061,"href":"https:\/\/eldiariodesanpedro.com.ar\/sitio\/wp-json\/wp\/v2\/posts\/122059\/revisions\/122061"}],"wp:featuredmedia":[{"embeddable":true,"href":"https:\/\/eldiariodesanpedro.com.ar\/sitio\/wp-json\/wp\/v2\/media\/122060"}],"wp:attachment":[{"href":"https:\/\/eldiariodesanpedro.com.ar\/sitio\/wp-json\/wp\/v2\/media?parent=122059"}],"wp:term":[{"taxonomy":"category","embeddable":true,"href":"https:\/\/eldiariodesanpedro.com.ar\/sitio\/wp-json\/wp\/v2\/categories?post=122059"},{"taxonomy":"post_tag","embeddable":true,"href":"https:\/\/eldiariodesanpedro.com.ar\/sitio\/wp-json\/wp\/v2\/tags?post=122059"}],"curies":[{"name":"wp","href":"https:\/\/api.w.org\/{rel}","templated":true}]}}