{"id":122044,"date":"2023-09-07T15:04:13","date_gmt":"2023-09-07T18:04:13","guid":{"rendered":"https:\/\/eldiariodesanpedro.com.ar\/sitio\/?p=122044"},"modified":"2023-09-07T15:04:14","modified_gmt":"2023-09-07T18:04:14","slug":"edicto-de-sucesion-de-piero-santino-penduzzu","status":"publish","type":"post","link":"https:\/\/eldiariodesanpedro.com.ar\/sitio\/edicto-de-sucesion-de-piero-santino-penduzzu\/","title":{"rendered":"Edicto de Sucesi\u00f3n de Piero Santino Penduzzu"},"content":{"rendered":"<!-- VideographyWP Plugin Message: Automatic video embedding prevented by plugin options. -->\n\n<p>El Juzgado de Paz de San Pedro, Secretar\u00eda \u00danica, del Departamento Judicial de San Nicol\u00e1s de los Arroyos, cita y emplaza a herederos y acreedores de <strong>Piero Santino Penduzzu<\/strong>, por el t\u00e9rmino de 30 d\u00edas.- San Pedro, 07 de septiembre de 2023.-<\/p>\n\n\n\n<p>FACUNDO VELL\u00d3N\u00a0<br>ABOGADO SECRETARIO\u00a0<\/p>\n\n\n\n<p>(Publicaci\u00f3n V\u00e1lida los d\u00edas 07, 08 y 09 de septiembre de 2023)<br><a href=\"https:\/\/notificaciones.scba.gov.ar\/verificarnotificacion.aspx?codNotif=D000TA\">https:\/\/notificaciones.scba.gov.ar\/verificarnotificacion.aspx?codNotif=D000TA<\/a><\/p>\n","protected":false},"excerpt":{"rendered":"<p>El Juzgado de Paz de San Pedro, Secretar\u00eda \u00danica, del Departamento Judicial de San Nicol\u00e1s de los Arroyos, cita y emplaza a herederos y acreedores de Piero Santino Penduzzu, por el t\u00e9rmino de 30 d\u00edas.- San Pedro, 07 de septiembre de 2023.- FACUNDO VELL\u00d3N\u00a0ABOGADO SECRETARIO\u00a0 (Publicaci\u00f3n V\u00e1lida los d\u00edas 07, 08 y 09 de septiembre [&hellip;]<\/p>\n","protected":false},"author":4,"featured_media":102746,"comment_status":"closed","ping_status":"closed","sticky":false,"template":"","format":"standard","meta":{"om_disable_all_campaigns":false,"_jetpack_memberships_contains_paid_content":false,"footnotes":""},"categories":[676,677],"tags":[4465],"class_list":["post-122044","post","type-post","status-publish","format-standard","has-post-thumbnail","hentry","category-edictos","category-edictos-sucesorios","tag-edicto-de-sucesion-de-piero-santino-penduzzu"],"aioseo_notices":[],"gutentor_comment":0,"jetpack_featured_media_url":"https:\/\/eldiariodesanpedro.com.ar\/sitio\/wp-content\/uploads\/2022\/01\/EDICTO.jpg","jetpack_shortlink":"https:\/\/wp.me\/p6RhLt-vKs","jetpack_sharing_enabled":true,"_links":{"self":[{"href":"https:\/\/eldiariodesanpedro.com.ar\/sitio\/wp-json\/wp\/v2\/posts\/122044","targetHints":{"allow":["GET"]}}],"collection":[{"href":"https:\/\/eldiariodesanpedro.com.ar\/sitio\/wp-json\/wp\/v2\/posts"}],"about":[{"href":"https:\/\/eldiariodesanpedro.com.ar\/sitio\/wp-json\/wp\/v2\/types\/post"}],"author":[{"embeddable":true,"href":"https:\/\/eldiariodesanpedro.com.ar\/sitio\/wp-json\/wp\/v2\/users\/4"}],"replies":[{"embeddable":true,"href":"https:\/\/eldiariodesanpedro.com.ar\/sitio\/wp-json\/wp\/v2\/comments?post=122044"}],"version-history":[{"count":1,"href":"https:\/\/eldiariodesanpedro.com.ar\/sitio\/wp-json\/wp\/v2\/posts\/122044\/revisions"}],"predecessor-version":[{"id":122045,"href":"https:\/\/eldiariodesanpedro.com.ar\/sitio\/wp-json\/wp\/v2\/posts\/122044\/revisions\/122045"}],"wp:featuredmedia":[{"embeddable":true,"href":"https:\/\/eldiariodesanpedro.com.ar\/sitio\/wp-json\/wp\/v2\/media\/102746"}],"wp:attachment":[{"href":"https:\/\/eldiariodesanpedro.com.ar\/sitio\/wp-json\/wp\/v2\/media?parent=122044"}],"wp:term":[{"taxonomy":"category","embeddable":true,"href":"https:\/\/eldiariodesanpedro.com.ar\/sitio\/wp-json\/wp\/v2\/categories?post=122044"},{"taxonomy":"post_tag","embeddable":true,"href":"https:\/\/eldiariodesanpedro.com.ar\/sitio\/wp-json\/wp\/v2\/tags?post=122044"}],"curies":[{"name":"wp","href":"https:\/\/api.w.org\/{rel}","templated":true}]}}