{"id":122038,"date":"2023-09-07T14:29:43","date_gmt":"2023-09-07T17:29:43","guid":{"rendered":"https:\/\/eldiariodesanpedro.com.ar\/sitio\/?p=122038"},"modified":"2023-09-07T14:29:45","modified_gmt":"2023-09-07T17:29:45","slug":"edicto-de-sucesion-de-tapia-juan-carlos","status":"publish","type":"post","link":"https:\/\/eldiariodesanpedro.com.ar\/sitio\/edicto-de-sucesion-de-tapia-juan-carlos\/","title":{"rendered":"Edicto de Sucesi\u00f3n de Tapia Juan Carlos"},"content":{"rendered":"<!-- VideographyWP Plugin Message: Automatic video embedding prevented by plugin options. -->\n\n<p>El Juzgado de Paz Letrado de Baradero cita y emplaza por treinta d\u00edas a herederos y acreedores del Sr. <strong>Tapia Juan Carlos<\/strong>.- Baradero, 3 de julio de 2023.-<\/p>\n\n\n\n<p>ESTEBAN OMAR PERUSINA<br>ABOGADO SECRETARIO\u00a0<\/p>\n\n\n\n<p>(Publicaci\u00f3n V\u00e1lida los d\u00edas 07, 08 y 09 de septiembre de 2023)<br><a href=\"https:\/\/notificaciones.scba.gov.ar\/verificarnotificacion.aspx?codNotif=J5HC4S\">https:\/\/notificaciones.scba.gov.ar\/verificarnotificacion.aspx?codNotif=J5HC4S<\/a><\/p>\n","protected":false},"excerpt":{"rendered":"<p>El Juzgado de Paz Letrado de Baradero cita y emplaza por treinta d\u00edas a herederos y acreedores del Sr. Tapia Juan Carlos.- Baradero, 3 de julio de 2023.- ESTEBAN OMAR PERUSINAABOGADO SECRETARIO\u00a0 (Publicaci\u00f3n V\u00e1lida los d\u00edas 07, 08 y 09 de septiembre de 2023)https:\/\/notificaciones.scba.gov.ar\/verificarnotificacion.aspx?codNotif=J5HC4S<\/p>\n","protected":false},"author":4,"featured_media":102746,"comment_status":"closed","ping_status":"closed","sticky":false,"template":"","format":"standard","meta":{"om_disable_all_campaigns":false,"_jetpack_memberships_contains_paid_content":false,"footnotes":""},"categories":[676,677],"tags":[4462],"class_list":["post-122038","post","type-post","status-publish","format-standard","has-post-thumbnail","hentry","category-edictos","category-edictos-sucesorios","tag-edicto-de-sucesion-de-tapia-juan-carlos"],"aioseo_notices":[],"gutentor_comment":0,"jetpack_featured_media_url":"https:\/\/eldiariodesanpedro.com.ar\/sitio\/wp-content\/uploads\/2022\/01\/EDICTO.jpg","jetpack_shortlink":"https:\/\/wp.me\/p6RhLt-vKm","jetpack_sharing_enabled":true,"_links":{"self":[{"href":"https:\/\/eldiariodesanpedro.com.ar\/sitio\/wp-json\/wp\/v2\/posts\/122038","targetHints":{"allow":["GET"]}}],"collection":[{"href":"https:\/\/eldiariodesanpedro.com.ar\/sitio\/wp-json\/wp\/v2\/posts"}],"about":[{"href":"https:\/\/eldiariodesanpedro.com.ar\/sitio\/wp-json\/wp\/v2\/types\/post"}],"author":[{"embeddable":true,"href":"https:\/\/eldiariodesanpedro.com.ar\/sitio\/wp-json\/wp\/v2\/users\/4"}],"replies":[{"embeddable":true,"href":"https:\/\/eldiariodesanpedro.com.ar\/sitio\/wp-json\/wp\/v2\/comments?post=122038"}],"version-history":[{"count":1,"href":"https:\/\/eldiariodesanpedro.com.ar\/sitio\/wp-json\/wp\/v2\/posts\/122038\/revisions"}],"predecessor-version":[{"id":122039,"href":"https:\/\/eldiariodesanpedro.com.ar\/sitio\/wp-json\/wp\/v2\/posts\/122038\/revisions\/122039"}],"wp:featuredmedia":[{"embeddable":true,"href":"https:\/\/eldiariodesanpedro.com.ar\/sitio\/wp-json\/wp\/v2\/media\/102746"}],"wp:attachment":[{"href":"https:\/\/eldiariodesanpedro.com.ar\/sitio\/wp-json\/wp\/v2\/media?parent=122038"}],"wp:term":[{"taxonomy":"category","embeddable":true,"href":"https:\/\/eldiariodesanpedro.com.ar\/sitio\/wp-json\/wp\/v2\/categories?post=122038"},{"taxonomy":"post_tag","embeddable":true,"href":"https:\/\/eldiariodesanpedro.com.ar\/sitio\/wp-json\/wp\/v2\/tags?post=122038"}],"curies":[{"name":"wp","href":"https:\/\/api.w.org\/{rel}","templated":true}]}}