{"id":122034,"date":"2023-09-07T13:51:40","date_gmt":"2023-09-07T16:51:40","guid":{"rendered":"https:\/\/eldiariodesanpedro.com.ar\/sitio\/?p=122034"},"modified":"2026-01-24T00:54:01","modified_gmt":"2026-01-24T03:54:01","slug":"fallecio-maria-belen-rossini-de-30-anos","status":"publish","type":"post","link":"https:\/\/eldiariodesanpedro.com.ar\/sitio\/fallecio-maria-belen-rossini-de-30-anos\/","title":{"rendered":"Falleci\u00f3 Mar\u00eda Bel\u00e9n Rossini de 30 a\u00f1os"},"content":{"rendered":"<!-- VideographyWP Plugin Message: Automatic video embedding prevented by plugin options. -->\n\n<p>Se informa el fallecimiento de Mar\u00eda Bel\u00e9n Rossini de 30 a\u00f1os, el velatoria se realizara en la sala velatoria N\u00ba 1 de Gobernador Castro.<\/p>\n\n\n\n<p>El sepelio se llevara a cabo este jueves 08 de septiembre a partir de las 16 hs y sus restos fueron inhumados en el Cementerio de Castro.<\/p>\n","protected":false},"excerpt":{"rendered":"<p>Se informa el fallecimiento de Mar\u00eda Bel\u00e9n Rossini de 30 a\u00f1os, el velatoria se realizara en la sala velatoria N\u00ba 1 de Gobernador Castro. El sepelio se llevara a cabo este jueves 08 de septiembre a partir de las 16 hs y sus restos fueron inhumados en el Cementerio de Castro.<\/p>\n","protected":false},"author":4,"featured_media":113757,"comment_status":"closed","ping_status":"closed","sticky":false,"template":"","format":"standard","meta":{"om_disable_all_campaigns":false,"_jetpack_memberships_contains_paid_content":false,"footnotes":""},"categories":[8424],"tags":[4461],"class_list":["post-122034","post","type-post","status-publish","format-standard","has-post-thumbnail","hentry","category-necrologicas","tag-fallecio-maria-belen-rossini-de-30-anos"],"aioseo_notices":[],"gutentor_comment":0,"jetpack_featured_media_url":"https:\/\/eldiariodesanpedro.com.ar\/sitio\/wp-content\/uploads\/2023\/01\/necrologicas.jpg","jetpack_shortlink":"https:\/\/wp.me\/p6RhLt-vKi","jetpack_sharing_enabled":true,"_links":{"self":[{"href":"https:\/\/eldiariodesanpedro.com.ar\/sitio\/wp-json\/wp\/v2\/posts\/122034","targetHints":{"allow":["GET"]}}],"collection":[{"href":"https:\/\/eldiariodesanpedro.com.ar\/sitio\/wp-json\/wp\/v2\/posts"}],"about":[{"href":"https:\/\/eldiariodesanpedro.com.ar\/sitio\/wp-json\/wp\/v2\/types\/post"}],"author":[{"embeddable":true,"href":"https:\/\/eldiariodesanpedro.com.ar\/sitio\/wp-json\/wp\/v2\/users\/4"}],"replies":[{"embeddable":true,"href":"https:\/\/eldiariodesanpedro.com.ar\/sitio\/wp-json\/wp\/v2\/comments?post=122034"}],"version-history":[{"count":1,"href":"https:\/\/eldiariodesanpedro.com.ar\/sitio\/wp-json\/wp\/v2\/posts\/122034\/revisions"}],"predecessor-version":[{"id":122035,"href":"https:\/\/eldiariodesanpedro.com.ar\/sitio\/wp-json\/wp\/v2\/posts\/122034\/revisions\/122035"}],"wp:featuredmedia":[{"embeddable":true,"href":"https:\/\/eldiariodesanpedro.com.ar\/sitio\/wp-json\/wp\/v2\/media\/113757"}],"wp:attachment":[{"href":"https:\/\/eldiariodesanpedro.com.ar\/sitio\/wp-json\/wp\/v2\/media?parent=122034"}],"wp:term":[{"taxonomy":"category","embeddable":true,"href":"https:\/\/eldiariodesanpedro.com.ar\/sitio\/wp-json\/wp\/v2\/categories?post=122034"},{"taxonomy":"post_tag","embeddable":true,"href":"https:\/\/eldiariodesanpedro.com.ar\/sitio\/wp-json\/wp\/v2\/tags?post=122034"}],"curies":[{"name":"wp","href":"https:\/\/api.w.org\/{rel}","templated":true}]}}