{"id":12203,"date":"2017-01-04T10:51:50","date_gmt":"2017-01-04T13:51:50","guid":{"rendered":"https:\/\/eldiariodesanpedro.com.ar\/sitio\/?p=12203"},"modified":"2017-01-04T10:51:50","modified_gmt":"2017-01-04T13:51:50","slug":"incendio-en-la-casa-de-los-hermanos-penduzzu-video","status":"publish","type":"post","link":"https:\/\/eldiariodesanpedro.com.ar\/sitio\/incendio-en-la-casa-de-los-hermanos-penduzzu-video\/","title":{"rendered":"Incendio en la casa de los hermanos Penduzzu (V\u00eddeo)"},"content":{"rendered":"<p><!-- VideographyWP Plugin Message: Automatic video embedding prevented by plugin options. --><br \/>\nEn al tarde de ayer, alrededor de las 15.00, se produjo un incendio en un domicilio ubicado en Miguel Porta 1550, en el cual se encontraban atrapados los hermanos Penduzzu. El cuerpo de Bomberos Voluntarios se hizo presente r\u00e1pidamente rompiendo la puerta de ingreso para rescatar a los atrapados.<\/p>\n<p>Las dos personas, Piero y Graciano Penduzzu, fueron asistidas inmediatamente al ser retirados de la casa y luego trasladadas al Hospital local. Por su parte, el Dr. Herbas inform\u00f3 sobre el estado de salud de los pacientes: \u00abLos pacientes se encuentran estables, evolucionan favorablemente y est\u00e1n siendo asistidos en la guardia\u00bb. Adem\u00e1s aclar\u00f3: \u00abLos hombres no presentaban quemaduras, ingresaron con principio de asfixia al nosocomio y quedaron internados en la Guardia, bajo los controles de terapia intensiva\u00bb.<\/p>\n<p>La dotaci\u00f3n que rescat\u00f3 a los hermanos fue liderada por el comandante Juli\u00e1n Alemis en conjunto con los suboficiales ayudantes mayores Rom\u00e1n Montenegro y Gabriela Novella, el suboficial ayudante Oscar Galv\u00e1n y los bomberos Susana Navarro y Vanesa Alvarez.<\/p>\n<p>Asimismo, se desconocen los motivos que generaron el siniestro, lo que s\u00ed se sabe es que se incendi\u00f3 un colch\u00f3n que se hallaba en una habitaci\u00f3n trasera. Eso provoc\u00f3 gran cantidad de humo.<\/p>\n<p>Adem\u00e1s de las dos personas rescatadas tambi\u00e9n debieron ser atendidos dos bomberos por la inhalaci\u00f3n de humo.<\/p>\n<div class=\"fb-video\" data-allowfullscreen=\"true\" data-href=\"https:\/\/www.facebook.com\/eldiario.desanpedro\/videos\/558441601031650\/\" style=\"background-color: #fff; display: inline-block;\"><\/div>\n","protected":false},"excerpt":{"rendered":"<p>En al tarde de ayer, alrededor de las 15.00, se produjo un incendio en un domicilio ubicado en Miguel Porta 1550, en el cual se encontraban atrapados los hermanos Penduzzu. El cuerpo de Bomberos Voluntarios se hizo presente r\u00e1pidamente rompiendo la puerta de ingreso para rescatar a los atrapados. Las dos personas, Piero y Graciano [&hellip;]<\/p>\n","protected":false},"author":4,"featured_media":12204,"comment_status":"open","ping_status":"closed","sticky":false,"template":"","format":"standard","meta":{"om_disable_all_campaigns":false,"_jetpack_memberships_contains_paid_content":false,"footnotes":""},"categories":[50,2,103],"tags":[],"class_list":["post-12203","post","type-post","status-publish","format-standard","has-post-thumbnail","hentry","category-destacadas","category-locales","category-policiales-locales"],"aioseo_notices":[],"gutentor_comment":0,"jetpack_featured_media_url":"https:\/\/eldiariodesanpedro.com.ar\/sitio\/wp-content\/uploads\/2017\/01\/TAPA-1.jpeg","jetpack_shortlink":"https:\/\/wp.me\/p6RhLt-3aP","jetpack_sharing_enabled":true,"_links":{"self":[{"href":"https:\/\/eldiariodesanpedro.com.ar\/sitio\/wp-json\/wp\/v2\/posts\/12203","targetHints":{"allow":["GET"]}}],"collection":[{"href":"https:\/\/eldiariodesanpedro.com.ar\/sitio\/wp-json\/wp\/v2\/posts"}],"about":[{"href":"https:\/\/eldiariodesanpedro.com.ar\/sitio\/wp-json\/wp\/v2\/types\/post"}],"author":[{"embeddable":true,"href":"https:\/\/eldiariodesanpedro.com.ar\/sitio\/wp-json\/wp\/v2\/users\/4"}],"replies":[{"embeddable":true,"href":"https:\/\/eldiariodesanpedro.com.ar\/sitio\/wp-json\/wp\/v2\/comments?post=12203"}],"version-history":[{"count":1,"href":"https:\/\/eldiariodesanpedro.com.ar\/sitio\/wp-json\/wp\/v2\/posts\/12203\/revisions"}],"predecessor-version":[{"id":12205,"href":"https:\/\/eldiariodesanpedro.com.ar\/sitio\/wp-json\/wp\/v2\/posts\/12203\/revisions\/12205"}],"wp:featuredmedia":[{"embeddable":true,"href":"https:\/\/eldiariodesanpedro.com.ar\/sitio\/wp-json\/wp\/v2\/media\/12204"}],"wp:attachment":[{"href":"https:\/\/eldiariodesanpedro.com.ar\/sitio\/wp-json\/wp\/v2\/media?parent=12203"}],"wp:term":[{"taxonomy":"category","embeddable":true,"href":"https:\/\/eldiariodesanpedro.com.ar\/sitio\/wp-json\/wp\/v2\/categories?post=12203"},{"taxonomy":"post_tag","embeddable":true,"href":"https:\/\/eldiariodesanpedro.com.ar\/sitio\/wp-json\/wp\/v2\/tags?post=12203"}],"curies":[{"name":"wp","href":"https:\/\/api.w.org\/{rel}","templated":true}]}}