{"id":122025,"date":"2023-09-06T19:08:34","date_gmt":"2023-09-06T22:08:34","guid":{"rendered":"https:\/\/eldiariodesanpedro.com.ar\/sitio\/?p=122025"},"modified":"2023-09-06T19:08:36","modified_gmt":"2023-09-06T22:08:36","slug":"robo-millonario-en-una-vivienda-familiar-el-pasado-lunes","status":"publish","type":"post","link":"https:\/\/eldiariodesanpedro.com.ar\/sitio\/robo-millonario-en-una-vivienda-familiar-el-pasado-lunes\/","title":{"rendered":"Robo millonario en una vivienda familiar el pasado lunes"},"content":{"rendered":"<!-- VideographyWP Plugin Message: Automatic video embedding prevented by plugin options. -->\n\n<p>El lunes por la noche dos delincuentes ingresaron a una casa del radio urbano y cometieron un robo millonario con un bot\u00edn conformado por una suma importante de dinero y objetos de valor.<\/p>\n\n\n\n<p>El hecho se produjo en una vivienda de la calle Alvarado al 1000 cuando un hombre de 47 a\u00f1os se retir\u00f3 de la misma y fue su propia madre quien le avis\u00f3 que hab\u00eda visto salir por una ventana lateral a dos desconocidos.<\/p>\n\n\n\n<p>Personal de la Estaci\u00f3n Policial Comunal (EPC) San Pedro acudieron al lugar del hecho y el damnificado explic\u00f3 que los ladrones hab\u00edan forzado la ventana y que se hab\u00edan llevado 4.000.000 de pesos, una suma en d\u00f3lares, un televisor y prendas de vestir.<\/p>\n\n\n\n<p>Hubo allanamientos de urgencia pero los resultados fueron negativos.<\/p>\n","protected":false},"excerpt":{"rendered":"<p>El lunes por la noche dos delincuentes ingresaron a una casa del radio urbano y cometieron un robo millonario con un bot\u00edn conformado por una suma importante de dinero y objetos de valor. El hecho se produjo en una vivienda de la calle Alvarado al 1000 cuando un hombre de 47 a\u00f1os se retir\u00f3 de [&hellip;]<\/p>\n","protected":false},"author":4,"featured_media":77860,"comment_status":"closed","ping_status":"closed","sticky":false,"template":"","format":"standard","meta":{"om_disable_all_campaigns":false,"_jetpack_memberships_contains_paid_content":false,"footnotes":""},"categories":[50,2,103],"tags":[197,33,95,19],"class_list":["post-122025","post","type-post","status-publish","format-standard","has-post-thumbnail","hentry","category-destacadas","category-locales","category-policiales-locales","tag-buenos-aires","tag-locales","tag-policiales","tag-san-pedro"],"aioseo_notices":[],"gutentor_comment":0,"jetpack_featured_media_url":"https:\/\/eldiariodesanpedro.com.ar\/sitio\/wp-content\/uploads\/2020\/07\/000085506.jpg","jetpack_shortlink":"https:\/\/wp.me\/p6RhLt-vK9","jetpack_sharing_enabled":true,"_links":{"self":[{"href":"https:\/\/eldiariodesanpedro.com.ar\/sitio\/wp-json\/wp\/v2\/posts\/122025","targetHints":{"allow":["GET"]}}],"collection":[{"href":"https:\/\/eldiariodesanpedro.com.ar\/sitio\/wp-json\/wp\/v2\/posts"}],"about":[{"href":"https:\/\/eldiariodesanpedro.com.ar\/sitio\/wp-json\/wp\/v2\/types\/post"}],"author":[{"embeddable":true,"href":"https:\/\/eldiariodesanpedro.com.ar\/sitio\/wp-json\/wp\/v2\/users\/4"}],"replies":[{"embeddable":true,"href":"https:\/\/eldiariodesanpedro.com.ar\/sitio\/wp-json\/wp\/v2\/comments?post=122025"}],"version-history":[{"count":1,"href":"https:\/\/eldiariodesanpedro.com.ar\/sitio\/wp-json\/wp\/v2\/posts\/122025\/revisions"}],"predecessor-version":[{"id":122026,"href":"https:\/\/eldiariodesanpedro.com.ar\/sitio\/wp-json\/wp\/v2\/posts\/122025\/revisions\/122026"}],"wp:featuredmedia":[{"embeddable":true,"href":"https:\/\/eldiariodesanpedro.com.ar\/sitio\/wp-json\/wp\/v2\/media\/77860"}],"wp:attachment":[{"href":"https:\/\/eldiariodesanpedro.com.ar\/sitio\/wp-json\/wp\/v2\/media?parent=122025"}],"wp:term":[{"taxonomy":"category","embeddable":true,"href":"https:\/\/eldiariodesanpedro.com.ar\/sitio\/wp-json\/wp\/v2\/categories?post=122025"},{"taxonomy":"post_tag","embeddable":true,"href":"https:\/\/eldiariodesanpedro.com.ar\/sitio\/wp-json\/wp\/v2\/tags?post=122025"}],"curies":[{"name":"wp","href":"https:\/\/api.w.org\/{rel}","templated":true}]}}