{"id":122022,"date":"2023-09-06T19:03:14","date_gmt":"2023-09-06T22:03:14","guid":{"rendered":"https:\/\/eldiariodesanpedro.com.ar\/sitio\/?p=122022"},"modified":"2023-09-06T19:03:15","modified_gmt":"2023-09-06T22:03:15","slug":"impactante-choque-entre-una-moto-y-un-camion","status":"publish","type":"post","link":"https:\/\/eldiariodesanpedro.com.ar\/sitio\/impactante-choque-entre-una-moto-y-un-camion\/","title":{"rendered":"Impactante choque entre una moto y un cami\u00f3n"},"content":{"rendered":"<!-- VideographyWP Plugin Message: Automatic video embedding prevented by plugin options. -->\n\n<p>En la ma\u00f1ana de este martes, se produjo una grave colisi\u00f3n en la intersecci\u00f3n de las calles Caseros y Mitre. Por causas que se tratan de establecer, se produjo un accidente entre una moto y un cami\u00f3n.<\/p>\n\n\n\n<p>Quien se dirig\u00eda a bordo del rodado menor, una mujer mayor de edad, sufri\u00f3 politraumatismos y fue derivada al nosocomio local en donde qued\u00f3 internada para descartar cualquier complicaci\u00f3n que pudiera surgir con el paso de las horas.<\/p>\n\n\n\n<p>Los detalles exactos del accidente a\u00fan est\u00e1n bajo investigaci\u00f3n por parte de las autoridades competentes, quienes tratan de esclarecer las circunstancias que llevaron a esta colisi\u00f3n.<\/p>\n\n\n\n<p>Foto gentileza:\u00a0APA Radio San Pedro.<\/p>\n\n\n\n<p><a href=\"https:\/\/canalwebsanpedro.com.ar\/impactante-choque-entre-una-moto-y-un-camion\/\"><\/a><\/p>\n","protected":false},"excerpt":{"rendered":"<p>En la ma\u00f1ana de este martes, se produjo una grave colisi\u00f3n en la intersecci\u00f3n de las calles Caseros y Mitre. Por causas que se tratan de establecer, se produjo un accidente entre una moto y un cami\u00f3n. Quien se dirig\u00eda a bordo del rodado menor, una mujer mayor de edad, sufri\u00f3 politraumatismos y fue derivada [&hellip;]<\/p>\n","protected":false},"author":4,"featured_media":122023,"comment_status":"closed","ping_status":"closed","sticky":false,"template":"","format":"standard","meta":{"om_disable_all_campaigns":false,"_jetpack_memberships_contains_paid_content":false,"footnotes":""},"categories":[2,103],"tags":[197,33,95,19],"class_list":["post-122022","post","type-post","status-publish","format-standard","has-post-thumbnail","hentry","category-locales","category-policiales-locales","tag-buenos-aires","tag-locales","tag-policiales","tag-san-pedro"],"aioseo_notices":[],"gutentor_comment":0,"jetpack_featured_media_url":"https:\/\/eldiariodesanpedro.com.ar\/sitio\/wp-content\/uploads\/2023\/09\/375456342_794810095981928_6582374627565069029_n.jpg","jetpack_shortlink":"https:\/\/wp.me\/p6RhLt-vK6","jetpack_sharing_enabled":true,"_links":{"self":[{"href":"https:\/\/eldiariodesanpedro.com.ar\/sitio\/wp-json\/wp\/v2\/posts\/122022","targetHints":{"allow":["GET"]}}],"collection":[{"href":"https:\/\/eldiariodesanpedro.com.ar\/sitio\/wp-json\/wp\/v2\/posts"}],"about":[{"href":"https:\/\/eldiariodesanpedro.com.ar\/sitio\/wp-json\/wp\/v2\/types\/post"}],"author":[{"embeddable":true,"href":"https:\/\/eldiariodesanpedro.com.ar\/sitio\/wp-json\/wp\/v2\/users\/4"}],"replies":[{"embeddable":true,"href":"https:\/\/eldiariodesanpedro.com.ar\/sitio\/wp-json\/wp\/v2\/comments?post=122022"}],"version-history":[{"count":1,"href":"https:\/\/eldiariodesanpedro.com.ar\/sitio\/wp-json\/wp\/v2\/posts\/122022\/revisions"}],"predecessor-version":[{"id":122024,"href":"https:\/\/eldiariodesanpedro.com.ar\/sitio\/wp-json\/wp\/v2\/posts\/122022\/revisions\/122024"}],"wp:featuredmedia":[{"embeddable":true,"href":"https:\/\/eldiariodesanpedro.com.ar\/sitio\/wp-json\/wp\/v2\/media\/122023"}],"wp:attachment":[{"href":"https:\/\/eldiariodesanpedro.com.ar\/sitio\/wp-json\/wp\/v2\/media?parent=122022"}],"wp:term":[{"taxonomy":"category","embeddable":true,"href":"https:\/\/eldiariodesanpedro.com.ar\/sitio\/wp-json\/wp\/v2\/categories?post=122022"},{"taxonomy":"post_tag","embeddable":true,"href":"https:\/\/eldiariodesanpedro.com.ar\/sitio\/wp-json\/wp\/v2\/tags?post=122022"}],"curies":[{"name":"wp","href":"https:\/\/api.w.org\/{rel}","templated":true}]}}