{"id":122020,"date":"2023-09-06T18:52:38","date_gmt":"2023-09-06T21:52:38","guid":{"rendered":"https:\/\/eldiariodesanpedro.com.ar\/sitio\/?p=122020"},"modified":"2023-09-06T18:52:40","modified_gmt":"2023-09-06T21:52:40","slug":"violenta-agresion-a-un-joven-en-una-despensa","status":"publish","type":"post","link":"https:\/\/eldiariodesanpedro.com.ar\/sitio\/violenta-agresion-a-un-joven-en-una-despensa\/","title":{"rendered":"Violenta agresi\u00f3n a un joven en una despensa"},"content":{"rendered":"<!-- VideographyWP Plugin Message: Automatic video embedding prevented by plugin options. -->\n\n<p>En un incidente perturbador que tuvo lugar ayer en la ma\u00f1ana, un adolescente de 17 a\u00f1os present\u00f3 una denuncia ante las autoridades de la Seccional Policial de la ciudad, ubicada en Brennan al 1000. Seg\u00fan la declaraci\u00f3n del joven, se encontraba en la Despensa Familiar local cuando fue abordado por un vecino enfurecido que lo atac\u00f3 verbalmente y lo agredi\u00f3 f\u00edsicamente con un objeto contundente.<\/p>\n\n\n\n<p>La v\u00edctima, que sufri\u00f3 lesiones leves como resultado de la agresi\u00f3n, recibi\u00f3 atenci\u00f3n m\u00e9dica en un centro de salud local. Las circunstancias exactas del incidente a\u00fan est\u00e1n bajo investigaci\u00f3n, pero se informa que el agresor estaba en posesi\u00f3n de un fierro en el momento del ataque.<\/p>\n\n\n\n<p><a href=\"https:\/\/canalwebsanpedro.com.ar\/violenta-agresion-a-un-joven-en-una-despensa\/\"><\/a><\/p>\n","protected":false},"excerpt":{"rendered":"<p>En un incidente perturbador que tuvo lugar ayer en la ma\u00f1ana, un adolescente de 17 a\u00f1os present\u00f3 una denuncia ante las autoridades de la Seccional Policial de la ciudad, ubicada en Brennan al 1000. Seg\u00fan la declaraci\u00f3n del joven, se encontraba en la Despensa Familiar local cuando fue abordado por un vecino enfurecido que lo [&hellip;]<\/p>\n","protected":false},"author":4,"featured_media":103024,"comment_status":"closed","ping_status":"closed","sticky":false,"template":"","format":"standard","meta":{"om_disable_all_campaigns":false,"_jetpack_memberships_contains_paid_content":false,"footnotes":""},"categories":[2,103],"tags":[197,33,95,19],"class_list":["post-122020","post","type-post","status-publish","format-standard","has-post-thumbnail","hentry","category-locales","category-policiales-locales","tag-buenos-aires","tag-locales","tag-policiales","tag-san-pedro"],"aioseo_notices":[],"gutentor_comment":0,"jetpack_featured_media_url":"https:\/\/eldiariodesanpedro.com.ar\/sitio\/wp-content\/uploads\/2022\/01\/Patrulla67-1024x680-1.jpg","jetpack_shortlink":"https:\/\/wp.me\/p6RhLt-vK4","jetpack_sharing_enabled":true,"_links":{"self":[{"href":"https:\/\/eldiariodesanpedro.com.ar\/sitio\/wp-json\/wp\/v2\/posts\/122020","targetHints":{"allow":["GET"]}}],"collection":[{"href":"https:\/\/eldiariodesanpedro.com.ar\/sitio\/wp-json\/wp\/v2\/posts"}],"about":[{"href":"https:\/\/eldiariodesanpedro.com.ar\/sitio\/wp-json\/wp\/v2\/types\/post"}],"author":[{"embeddable":true,"href":"https:\/\/eldiariodesanpedro.com.ar\/sitio\/wp-json\/wp\/v2\/users\/4"}],"replies":[{"embeddable":true,"href":"https:\/\/eldiariodesanpedro.com.ar\/sitio\/wp-json\/wp\/v2\/comments?post=122020"}],"version-history":[{"count":1,"href":"https:\/\/eldiariodesanpedro.com.ar\/sitio\/wp-json\/wp\/v2\/posts\/122020\/revisions"}],"predecessor-version":[{"id":122021,"href":"https:\/\/eldiariodesanpedro.com.ar\/sitio\/wp-json\/wp\/v2\/posts\/122020\/revisions\/122021"}],"wp:featuredmedia":[{"embeddable":true,"href":"https:\/\/eldiariodesanpedro.com.ar\/sitio\/wp-json\/wp\/v2\/media\/103024"}],"wp:attachment":[{"href":"https:\/\/eldiariodesanpedro.com.ar\/sitio\/wp-json\/wp\/v2\/media?parent=122020"}],"wp:term":[{"taxonomy":"category","embeddable":true,"href":"https:\/\/eldiariodesanpedro.com.ar\/sitio\/wp-json\/wp\/v2\/categories?post=122020"},{"taxonomy":"post_tag","embeddable":true,"href":"https:\/\/eldiariodesanpedro.com.ar\/sitio\/wp-json\/wp\/v2\/tags?post=122020"}],"curies":[{"name":"wp","href":"https:\/\/api.w.org\/{rel}","templated":true}]}}