{"id":122016,"date":"2023-09-06T18:42:59","date_gmt":"2023-09-06T21:42:59","guid":{"rendered":"https:\/\/eldiariodesanpedro.com.ar\/sitio\/?p=122016"},"modified":"2023-09-06T18:43:01","modified_gmt":"2023-09-06T21:43:01","slug":"la-web-de-noticias-internacional-orato-world-entrevisto-a-jose-luis-aguilar","status":"publish","type":"post","link":"https:\/\/eldiariodesanpedro.com.ar\/sitio\/la-web-de-noticias-internacional-orato-world-entrevisto-a-jose-luis-aguilar\/","title":{"rendered":"La web de noticias internacional, Orato World, entrevist\u00f3 a Jos\u00e9 Luis Aguilar"},"content":{"rendered":"<!-- VideographyWP Plugin Message: Automatic video embedding prevented by plugin options. -->\n\n<p>Seg\u00fan la descripci\u00f3n de Wikipedia, \u201cOrato es un sitio web de noticias internacionales que muestra relatos en primera persona de los protagonistas y testigos de los acontecimientos.<\/p>\n\n\n\n<p>Fue reconocido como uno de los 12 sitios web de noticias m\u00e1s importantes del mundo en los\u00a0<strong>Premios Webby<\/strong>\u00a0de 2008, llamados los \u201cOscar de Internet\u201d por The New York Times\u2026<\/p>\n\n\n\n<p>El nombre del sitio proviene del lat\u00edn y significa \u00abyo hablo\u00bb. La idea de los relatos de testigos presenciales inspir\u00f3 al fundador de Orato, Sam Yehia, a finales de la d\u00e9cada de 1990 a lanzar un sitio de periodismo ciudadano cuyo lema es: `Historias reales de personas reales`.\u201d<\/p>\n\n\n\n<p>La entrevista con Jos\u00e9 Luis Aguilar fue realizada por&nbsp;<strong>Mariela Laksman<\/strong>, dise\u00f1adora de imagen, productora period\u00edstica, escritora y docente, para la web internacional.<\/p>\n\n\n\n<p>La nota, narrada en primera persona, abord\u00f3 los diferentes detalles de uno de los hallazgos m\u00e1s importantes del Museo Paleontol\u00f3gico de San Pedro, de los \u00faltimos a\u00f1os: el \u201ccachorro\u201d de armadillo gigante m\u00e1s completo de Argentina. Un f\u00f3sil \u00fanico que exhibe el museo en una de sus salas y que fuera presentado en sociedad en Mayo \u00faltimo.<\/p>\n\n\n\n<p>Detalles del descubrimiento, la excavaci\u00f3n, la preparaci\u00f3n y el contexto clim\u00e1tico en el que tuvo que trabajar el Grupo Conservacionista para lograr la recuperaci\u00f3n del valioso ejemplar, fue el hilo conductor de la extensa entrevista.<\/p>\n\n\n\n<p>La nota est\u00e1 graficada con una foto de&nbsp;<strong>Jorge Mart\u00ednez<\/strong>, integrante del grupo, a quien se lo ve durante las tareas de preparaci\u00f3n y montaje del valioso ejemplar.<\/p>\n\n\n\n<p>En un apartado, se brinda una rese\u00f1a del entrevistado donde el reconocido medio de comunicaci\u00f3n expresa: \u201c<strong><em>Jos\u00e9 Luis Aguilar, un visionario en el campo de la conservaci\u00f3n de f\u00f3siles, es el estimado fundador del Fossil Conservation Group (Grupo Conservacionista de F\u00f3siles). Es la fuerza conductora detr\u00e1s del aclamado circuito cient\u00edfico, educativo y tur\u00edstico de San Pedro<\/em><\/strong>\u201d.<\/p>\n\n\n\n<figure class=\"wp-block-image size-full\"><img decoding=\"async\" width=\"396\" height=\"630\" data-attachment-id=\"122017\" data-permalink=\"https:\/\/eldiariodesanpedro.com.ar\/sitio\/la-web-de-noticias-internacional-orato-world-entrevisto-a-jose-luis-aguilar\/orato-aguilar\/\" data-orig-file=\"https:\/\/eldiariodesanpedro.com.ar\/sitio\/wp-content\/uploads\/2023\/09\/ORATO-AGUILAR.jpg\" data-orig-size=\"396,630\" data-comments-opened=\"0\" data-image-meta=\"{&quot;aperture&quot;:&quot;0&quot;,&quot;credit&quot;:&quot;&quot;,&quot;camera&quot;:&quot;&quot;,&quot;caption&quot;:&quot;&quot;,&quot;created_timestamp&quot;:&quot;0&quot;,&quot;copyright&quot;:&quot;&quot;,&quot;focal_length&quot;:&quot;0&quot;,&quot;iso&quot;:&quot;0&quot;,&quot;shutter_speed&quot;:&quot;0&quot;,&quot;title&quot;:&quot;&quot;,&quot;orientation&quot;:&quot;0&quot;}\" data-image-title=\"ORATO-AGUILAR\" data-image-description=\"\" data-image-caption=\"\" data-large-file=\"https:\/\/eldiariodesanpedro.com.ar\/sitio\/wp-content\/uploads\/2023\/09\/ORATO-AGUILAR.jpg\" data-src=\"https:\/\/eldiariodesanpedro.com.ar\/sitio\/wp-content\/uploads\/2023\/09\/ORATO-AGUILAR.jpg\" alt=\"\" class=\"wp-image-122017 lazyload\" data-srcset=\"https:\/\/eldiariodesanpedro.com.ar\/sitio\/wp-content\/uploads\/2023\/09\/ORATO-AGUILAR.jpg 396w, https:\/\/eldiariodesanpedro.com.ar\/sitio\/wp-content\/uploads\/2023\/09\/ORATO-AGUILAR-189x300.jpg 189w\" data-sizes=\"(max-width: 396px) 100vw, 396px\" src=\"data:image\/svg+xml;base64,PHN2ZyB3aWR0aD0iMSIgaGVpZ2h0PSIxIiB4bWxucz0iaHR0cDovL3d3dy53My5vcmcvMjAwMC9zdmciPjwvc3ZnPg==\" style=\"--smush-placeholder-width: 396px; --smush-placeholder-aspect-ratio: 396\/630;\" \/><\/figure>\n\n\n\n<p><a href=\"https:\/\/canalwebsanpedro.com.ar\/la-web-de-noticias-internacional-orato-world-entrevisto-a-jose-luis-aguilar\/\"><\/a><\/p>\n","protected":false},"excerpt":{"rendered":"<p>Seg\u00fan la descripci\u00f3n de Wikipedia, \u201cOrato es un sitio web de noticias internacionales que muestra relatos en primera persona de los protagonistas y testigos de los acontecimientos. Fue reconocido como uno de los 12 sitios web de noticias m\u00e1s importantes del mundo en los\u00a0Premios Webby\u00a0de 2008, llamados los \u201cOscar de Internet\u201d por The New York [&hellip;]<\/p>\n","protected":false},"author":4,"featured_media":122018,"comment_status":"closed","ping_status":"closed","sticky":false,"template":"","format":"standard","meta":{"om_disable_all_campaigns":false,"_jetpack_memberships_contains_paid_content":false,"footnotes":""},"categories":[50,101,2],"tags":[197,696,33,19],"class_list":["post-122016","post","type-post","status-publish","format-standard","has-post-thumbnail","hentry","category-destacadas","category-interes-general-locales","category-locales","tag-buenos-aires","tag-interes-general","tag-locales","tag-san-pedro"],"aioseo_notices":[],"gutentor_comment":0,"jetpack_featured_media_url":"https:\/\/eldiariodesanpedro.com.ar\/sitio\/wp-content\/uploads\/2023\/09\/ORATO-MARTINEZ.jpg","jetpack_shortlink":"https:\/\/wp.me\/p6RhLt-vK0","jetpack_sharing_enabled":true,"_links":{"self":[{"href":"https:\/\/eldiariodesanpedro.com.ar\/sitio\/wp-json\/wp\/v2\/posts\/122016","targetHints":{"allow":["GET"]}}],"collection":[{"href":"https:\/\/eldiariodesanpedro.com.ar\/sitio\/wp-json\/wp\/v2\/posts"}],"about":[{"href":"https:\/\/eldiariodesanpedro.com.ar\/sitio\/wp-json\/wp\/v2\/types\/post"}],"author":[{"embeddable":true,"href":"https:\/\/eldiariodesanpedro.com.ar\/sitio\/wp-json\/wp\/v2\/users\/4"}],"replies":[{"embeddable":true,"href":"https:\/\/eldiariodesanpedro.com.ar\/sitio\/wp-json\/wp\/v2\/comments?post=122016"}],"version-history":[{"count":1,"href":"https:\/\/eldiariodesanpedro.com.ar\/sitio\/wp-json\/wp\/v2\/posts\/122016\/revisions"}],"predecessor-version":[{"id":122019,"href":"https:\/\/eldiariodesanpedro.com.ar\/sitio\/wp-json\/wp\/v2\/posts\/122016\/revisions\/122019"}],"wp:featuredmedia":[{"embeddable":true,"href":"https:\/\/eldiariodesanpedro.com.ar\/sitio\/wp-json\/wp\/v2\/media\/122018"}],"wp:attachment":[{"href":"https:\/\/eldiariodesanpedro.com.ar\/sitio\/wp-json\/wp\/v2\/media?parent=122016"}],"wp:term":[{"taxonomy":"category","embeddable":true,"href":"https:\/\/eldiariodesanpedro.com.ar\/sitio\/wp-json\/wp\/v2\/categories?post=122016"},{"taxonomy":"post_tag","embeddable":true,"href":"https:\/\/eldiariodesanpedro.com.ar\/sitio\/wp-json\/wp\/v2\/tags?post=122016"}],"curies":[{"name":"wp","href":"https:\/\/api.w.org\/{rel}","templated":true}]}}