{"id":122011,"date":"2023-09-06T18:20:25","date_gmt":"2023-09-06T21:20:25","guid":{"rendered":"https:\/\/eldiariodesanpedro.com.ar\/sitio\/?p=122011"},"modified":"2023-09-06T18:20:27","modified_gmt":"2023-09-06T21:20:27","slug":"se-firmo-el-contrato-para-la-construccion-de-red-pluvial-infraestructura-vial-y-veredas-en-el-barrio-los-cazadores","status":"publish","type":"post","link":"https:\/\/eldiariodesanpedro.com.ar\/sitio\/se-firmo-el-contrato-para-la-construccion-de-red-pluvial-infraestructura-vial-y-veredas-en-el-barrio-los-cazadores\/","title":{"rendered":"Se firm\u00f3 el contrato para la construcci\u00f3n de red pluvial, infraestructura vial y veredas en el barrio Los Cazadores"},"content":{"rendered":"<!-- VideographyWP Plugin Message: Automatic video embedding prevented by plugin options. -->\n\n<p>El Intendente Cecilio Salazar encabez\u00f3 esta ma\u00f1ana la firma del contrato con Javier Mancilla y Fabi\u00e1n Veneciano, presidente y s\u00edndico de la Cooperativa de Trabajo Grupo Alfa Ltda, para la construcci\u00f3n de una red pluvial, vial y peatonal en el barrio Los Cazadores (La Tosquera)<\/p>\n\n\n\n<p>La obra, de acuerdo a lo que se detalla en el contrato suscripto se encuentra enmarcada en los proyectos financiados a trav\u00e9s del Fondo de Integraci\u00f3n Socio Urbana de Barrios Populares RENABAP con el que ya la Municipalidad ha firmado su propio convenio a trav\u00e9s del Intendente Cecilio Salazar y la Titular de la Secretar\u00eda de Integraci\u00f3n Socio Urbana dependiente del Ministerio de Desarrollo Social, Fernanda Mi\u00f1o, quien visit\u00f3 la ciudad para participar de la inauguraci\u00f3n del SUM y el Play\u00f3n deportivo del barrio Los Cazadores.<\/p>\n\n\n\n<p>El contrato establece un plazo de ocho meses para finalizar las tareas y un presupuesto de seiscientos ochenta y seis millones quinientos setenta y dos mil ciento sesenta y cinco ($686.572.165, 00.-).<\/p>\n\n\n\n<p>Las obras consisten en el mejoramiento de la infraestructura en los accesos, donde se realizar\u00e1n trabajos de ripio y en algunos lugares cord\u00f3n cuneta y veredas, adem\u00e1s de diversos trabajos en la red pluvial que contribuir\u00e1n significativamente a mejorar la calidad de vida de&nbsp;sus&nbsp;habitantes.<\/p>\n\n\n\n<figure class=\"wp-block-image size-full\"><img decoding=\"async\" width=\"920\" height=\"630\" data-attachment-id=\"122014\" data-permalink=\"https:\/\/eldiariodesanpedro.com.ar\/sitio\/se-firmo-el-contrato-para-la-construccion-de-red-pluvial-infraestructura-vial-y-veredas-en-el-barrio-los-cazadores\/imagen-de-whatsapp-2023-09-06-a-las-15-17-011\/\" data-orig-file=\"https:\/\/eldiariodesanpedro.com.ar\/sitio\/wp-content\/uploads\/2023\/09\/Imagen-de-WhatsApp-2023-09-06-a-las-15.17.011.jpg\" data-orig-size=\"920,630\" data-comments-opened=\"0\" data-image-meta=\"{&quot;aperture&quot;:&quot;0&quot;,&quot;credit&quot;:&quot;&quot;,&quot;camera&quot;:&quot;&quot;,&quot;caption&quot;:&quot;&quot;,&quot;created_timestamp&quot;:&quot;0&quot;,&quot;copyright&quot;:&quot;&quot;,&quot;focal_length&quot;:&quot;0&quot;,&quot;iso&quot;:&quot;0&quot;,&quot;shutter_speed&quot;:&quot;0&quot;,&quot;title&quot;:&quot;&quot;,&quot;orientation&quot;:&quot;0&quot;}\" data-image-title=\"Imagen de WhatsApp 2023-09-06 a las 15.17.011\" data-image-description=\"\" data-image-caption=\"\" data-large-file=\"https:\/\/eldiariodesanpedro.com.ar\/sitio\/wp-content\/uploads\/2023\/09\/Imagen-de-WhatsApp-2023-09-06-a-las-15.17.011.jpg\" data-src=\"https:\/\/eldiariodesanpedro.com.ar\/sitio\/wp-content\/uploads\/2023\/09\/Imagen-de-WhatsApp-2023-09-06-a-las-15.17.011.jpg\" alt=\"\" class=\"wp-image-122014 lazyload\" data-srcset=\"https:\/\/eldiariodesanpedro.com.ar\/sitio\/wp-content\/uploads\/2023\/09\/Imagen-de-WhatsApp-2023-09-06-a-las-15.17.011.jpg 920w, https:\/\/eldiariodesanpedro.com.ar\/sitio\/wp-content\/uploads\/2023\/09\/Imagen-de-WhatsApp-2023-09-06-a-las-15.17.011-300x205.jpg 300w, https:\/\/eldiariodesanpedro.com.ar\/sitio\/wp-content\/uploads\/2023\/09\/Imagen-de-WhatsApp-2023-09-06-a-las-15.17.011-768x526.jpg 768w\" data-sizes=\"(max-width: 920px) 100vw, 920px\" src=\"data:image\/svg+xml;base64,PHN2ZyB3aWR0aD0iMSIgaGVpZ2h0PSIxIiB4bWxucz0iaHR0cDovL3d3dy53My5vcmcvMjAwMC9zdmciPjwvc3ZnPg==\" style=\"--smush-placeholder-width: 920px; --smush-placeholder-aspect-ratio: 920\/630;\" \/><\/figure>\n","protected":false},"excerpt":{"rendered":"<p>El Intendente Cecilio Salazar encabez\u00f3 esta ma\u00f1ana la firma del contrato con Javier Mancilla y Fabi\u00e1n Veneciano, presidente y s\u00edndico de la Cooperativa de Trabajo Grupo Alfa Ltda, para la construcci\u00f3n de una red pluvial, vial y peatonal en el barrio Los Cazadores (La Tosquera) La obra, de acuerdo a lo que se detalla en [&hellip;]<\/p>\n","protected":false},"author":4,"featured_media":122012,"comment_status":"closed","ping_status":"closed","sticky":false,"template":"","format":"standard","meta":{"om_disable_all_campaigns":false,"_jetpack_memberships_contains_paid_content":false,"footnotes":""},"categories":[50,101,2],"tags":[197,696,33,19],"class_list":["post-122011","post","type-post","status-publish","format-standard","has-post-thumbnail","hentry","category-destacadas","category-interes-general-locales","category-locales","tag-buenos-aires","tag-interes-general","tag-locales","tag-san-pedro"],"aioseo_notices":[],"gutentor_comment":0,"jetpack_featured_media_url":"https:\/\/eldiariodesanpedro.com.ar\/sitio\/wp-content\/uploads\/2023\/09\/Imagen-de-WhatsApp-2023-09-06-a-las-15.17.00.jpg","jetpack_shortlink":"https:\/\/wp.me\/p6RhLt-vJV","jetpack_sharing_enabled":true,"_links":{"self":[{"href":"https:\/\/eldiariodesanpedro.com.ar\/sitio\/wp-json\/wp\/v2\/posts\/122011","targetHints":{"allow":["GET"]}}],"collection":[{"href":"https:\/\/eldiariodesanpedro.com.ar\/sitio\/wp-json\/wp\/v2\/posts"}],"about":[{"href":"https:\/\/eldiariodesanpedro.com.ar\/sitio\/wp-json\/wp\/v2\/types\/post"}],"author":[{"embeddable":true,"href":"https:\/\/eldiariodesanpedro.com.ar\/sitio\/wp-json\/wp\/v2\/users\/4"}],"replies":[{"embeddable":true,"href":"https:\/\/eldiariodesanpedro.com.ar\/sitio\/wp-json\/wp\/v2\/comments?post=122011"}],"version-history":[{"count":1,"href":"https:\/\/eldiariodesanpedro.com.ar\/sitio\/wp-json\/wp\/v2\/posts\/122011\/revisions"}],"predecessor-version":[{"id":122015,"href":"https:\/\/eldiariodesanpedro.com.ar\/sitio\/wp-json\/wp\/v2\/posts\/122011\/revisions\/122015"}],"wp:featuredmedia":[{"embeddable":true,"href":"https:\/\/eldiariodesanpedro.com.ar\/sitio\/wp-json\/wp\/v2\/media\/122012"}],"wp:attachment":[{"href":"https:\/\/eldiariodesanpedro.com.ar\/sitio\/wp-json\/wp\/v2\/media?parent=122011"}],"wp:term":[{"taxonomy":"category","embeddable":true,"href":"https:\/\/eldiariodesanpedro.com.ar\/sitio\/wp-json\/wp\/v2\/categories?post=122011"},{"taxonomy":"post_tag","embeddable":true,"href":"https:\/\/eldiariodesanpedro.com.ar\/sitio\/wp-json\/wp\/v2\/tags?post=122011"}],"curies":[{"name":"wp","href":"https:\/\/api.w.org\/{rel}","templated":true}]}}