{"id":121997,"date":"2023-09-06T13:23:38","date_gmt":"2023-09-06T16:23:38","guid":{"rendered":"https:\/\/eldiariodesanpedro.com.ar\/sitio\/?p=121997"},"modified":"2023-09-06T13:23:40","modified_gmt":"2023-09-06T16:23:40","slug":"encuentro-del-intendente-cecilio-salazar-con-autoridades-educativas-locales","status":"publish","type":"post","link":"https:\/\/eldiariodesanpedro.com.ar\/sitio\/encuentro-del-intendente-cecilio-salazar-con-autoridades-educativas-locales\/","title":{"rendered":"Encuentro del intendente Cecilio Salazar con autoridades educativas locales"},"content":{"rendered":"<!-- VideographyWP Plugin Message: Automatic video embedding prevented by plugin options. -->\n\n<p>Con el fin de continuar la planificaci\u00f3n de decisiones, estrategias y acciones destinadas a concretar planes, programas y proyectos que mejoren la calidad educativa en nuestra ciudad, este martes por la ma\u00f1ana, el Intendente Municipal, Cecilio Salazar, junto al Secretario Coordinador de Educaci\u00f3n, Prof. Alan Ocampo, recibieron en el despacho oficial a la Jefa Regional de Educaci\u00f3n, Lic. Marcela Mor\u00e9, y a la Jefa Distrital de Educaci\u00f3n, Lorena L\u00f3pez.<\/p>\n\n\n\n<p>El encuentro se concret\u00f3 con el objetivo de promover mayor accesibilidad, equidad y pertenencia en relaci\u00f3n a las necesidades y demandas de ni\u00f1os, ni\u00f1as y j\u00f3venes sampedrinos, reconociendo la pol\u00edtica educativa como un factor clave para el desarrollo social y econ\u00f3mico.<\/p>\n\n\n\n<p>Con el firme prop\u00f3sito de fortalecer la educaci\u00f3n p\u00fablica y gratuita, se abord\u00f3 una agenda de trabajo coordinada en diversos temas educativos, incluyendo la disposici\u00f3n de terrenos municipales para la gesti\u00f3n de nuevas Instituciones Educativas\u00a0en\u00a0el\u00a0distrito.<\/p>\n\n\n\n<figure class=\"wp-block-image size-full\"><img decoding=\"async\" width=\"861\" height=\"630\" data-attachment-id=\"121999\" data-permalink=\"https:\/\/eldiariodesanpedro.com.ar\/sitio\/encuentro-del-intendente-cecilio-salazar-con-autoridades-educativas-locales\/imagen-de-whatsapp-2023-09-06-a-las-13-11-46\/\" data-orig-file=\"https:\/\/eldiariodesanpedro.com.ar\/sitio\/wp-content\/uploads\/2023\/09\/Imagen-de-WhatsApp-2023-09-06-a-las-13.11.46.jpg\" data-orig-size=\"861,630\" data-comments-opened=\"0\" data-image-meta=\"{&quot;aperture&quot;:&quot;0&quot;,&quot;credit&quot;:&quot;&quot;,&quot;camera&quot;:&quot;&quot;,&quot;caption&quot;:&quot;&quot;,&quot;created_timestamp&quot;:&quot;0&quot;,&quot;copyright&quot;:&quot;&quot;,&quot;focal_length&quot;:&quot;0&quot;,&quot;iso&quot;:&quot;0&quot;,&quot;shutter_speed&quot;:&quot;0&quot;,&quot;title&quot;:&quot;&quot;,&quot;orientation&quot;:&quot;0&quot;}\" data-image-title=\"Imagen de WhatsApp 2023-09-06 a las 13.11.46\" data-image-description=\"\" data-image-caption=\"\" data-large-file=\"https:\/\/eldiariodesanpedro.com.ar\/sitio\/wp-content\/uploads\/2023\/09\/Imagen-de-WhatsApp-2023-09-06-a-las-13.11.46.jpg\" data-src=\"https:\/\/eldiariodesanpedro.com.ar\/sitio\/wp-content\/uploads\/2023\/09\/Imagen-de-WhatsApp-2023-09-06-a-las-13.11.46.jpg\" alt=\"\" class=\"wp-image-121999 lazyload\" data-srcset=\"https:\/\/eldiariodesanpedro.com.ar\/sitio\/wp-content\/uploads\/2023\/09\/Imagen-de-WhatsApp-2023-09-06-a-las-13.11.46.jpg 861w, https:\/\/eldiariodesanpedro.com.ar\/sitio\/wp-content\/uploads\/2023\/09\/Imagen-de-WhatsApp-2023-09-06-a-las-13.11.46-300x220.jpg 300w, https:\/\/eldiariodesanpedro.com.ar\/sitio\/wp-content\/uploads\/2023\/09\/Imagen-de-WhatsApp-2023-09-06-a-las-13.11.46-768x562.jpg 768w\" data-sizes=\"(max-width: 861px) 100vw, 861px\" src=\"data:image\/svg+xml;base64,PHN2ZyB3aWR0aD0iMSIgaGVpZ2h0PSIxIiB4bWxucz0iaHR0cDovL3d3dy53My5vcmcvMjAwMC9zdmciPjwvc3ZnPg==\" style=\"--smush-placeholder-width: 861px; --smush-placeholder-aspect-ratio: 861\/630;\" \/><\/figure>\n\n\n\n<figure class=\"wp-block-image size-full\"><img decoding=\"async\" width=\"917\" height=\"630\" data-attachment-id=\"122000\" data-permalink=\"https:\/\/eldiariodesanpedro.com.ar\/sitio\/encuentro-del-intendente-cecilio-salazar-con-autoridades-educativas-locales\/imagen-de-whatsapp-2023-09-06-a-las-13-11-47\/\" data-orig-file=\"https:\/\/eldiariodesanpedro.com.ar\/sitio\/wp-content\/uploads\/2023\/09\/Imagen-de-WhatsApp-2023-09-06-a-las-13.11.47.jpg\" data-orig-size=\"917,630\" data-comments-opened=\"0\" data-image-meta=\"{&quot;aperture&quot;:&quot;0&quot;,&quot;credit&quot;:&quot;&quot;,&quot;camera&quot;:&quot;&quot;,&quot;caption&quot;:&quot;&quot;,&quot;created_timestamp&quot;:&quot;0&quot;,&quot;copyright&quot;:&quot;&quot;,&quot;focal_length&quot;:&quot;0&quot;,&quot;iso&quot;:&quot;0&quot;,&quot;shutter_speed&quot;:&quot;0&quot;,&quot;title&quot;:&quot;&quot;,&quot;orientation&quot;:&quot;0&quot;}\" data-image-title=\"Imagen de WhatsApp 2023-09-06 a las 13.11.47\" data-image-description=\"\" data-image-caption=\"\" data-large-file=\"https:\/\/eldiariodesanpedro.com.ar\/sitio\/wp-content\/uploads\/2023\/09\/Imagen-de-WhatsApp-2023-09-06-a-las-13.11.47.jpg\" data-src=\"https:\/\/eldiariodesanpedro.com.ar\/sitio\/wp-content\/uploads\/2023\/09\/Imagen-de-WhatsApp-2023-09-06-a-las-13.11.47.jpg\" alt=\"\" class=\"wp-image-122000 lazyload\" data-srcset=\"https:\/\/eldiariodesanpedro.com.ar\/sitio\/wp-content\/uploads\/2023\/09\/Imagen-de-WhatsApp-2023-09-06-a-las-13.11.47.jpg 917w, https:\/\/eldiariodesanpedro.com.ar\/sitio\/wp-content\/uploads\/2023\/09\/Imagen-de-WhatsApp-2023-09-06-a-las-13.11.47-300x206.jpg 300w, https:\/\/eldiariodesanpedro.com.ar\/sitio\/wp-content\/uploads\/2023\/09\/Imagen-de-WhatsApp-2023-09-06-a-las-13.11.47-768x528.jpg 768w\" data-sizes=\"(max-width: 917px) 100vw, 917px\" src=\"data:image\/svg+xml;base64,PHN2ZyB3aWR0aD0iMSIgaGVpZ2h0PSIxIiB4bWxucz0iaHR0cDovL3d3dy53My5vcmcvMjAwMC9zdmciPjwvc3ZnPg==\" style=\"--smush-placeholder-width: 917px; --smush-placeholder-aspect-ratio: 917\/630;\" \/><\/figure>\n\n\n\n<figure class=\"wp-block-image size-full\"><img decoding=\"async\" width=\"933\" height=\"630\" data-attachment-id=\"122001\" data-permalink=\"https:\/\/eldiariodesanpedro.com.ar\/sitio\/encuentro-del-intendente-cecilio-salazar-con-autoridades-educativas-locales\/imagen-de-whatsapp-2023-09-06-a-las-13-11-48\/\" data-orig-file=\"https:\/\/eldiariodesanpedro.com.ar\/sitio\/wp-content\/uploads\/2023\/09\/Imagen-de-WhatsApp-2023-09-06-a-las-13.11.48.jpg\" data-orig-size=\"933,630\" data-comments-opened=\"0\" data-image-meta=\"{&quot;aperture&quot;:&quot;0&quot;,&quot;credit&quot;:&quot;&quot;,&quot;camera&quot;:&quot;&quot;,&quot;caption&quot;:&quot;&quot;,&quot;created_timestamp&quot;:&quot;0&quot;,&quot;copyright&quot;:&quot;&quot;,&quot;focal_length&quot;:&quot;0&quot;,&quot;iso&quot;:&quot;0&quot;,&quot;shutter_speed&quot;:&quot;0&quot;,&quot;title&quot;:&quot;&quot;,&quot;orientation&quot;:&quot;0&quot;}\" data-image-title=\"Imagen de WhatsApp 2023-09-06 a las 13.11.48\" data-image-description=\"\" data-image-caption=\"\" data-large-file=\"https:\/\/eldiariodesanpedro.com.ar\/sitio\/wp-content\/uploads\/2023\/09\/Imagen-de-WhatsApp-2023-09-06-a-las-13.11.48.jpg\" data-src=\"https:\/\/eldiariodesanpedro.com.ar\/sitio\/wp-content\/uploads\/2023\/09\/Imagen-de-WhatsApp-2023-09-06-a-las-13.11.48.jpg\" alt=\"\" class=\"wp-image-122001 lazyload\" data-srcset=\"https:\/\/eldiariodesanpedro.com.ar\/sitio\/wp-content\/uploads\/2023\/09\/Imagen-de-WhatsApp-2023-09-06-a-las-13.11.48.jpg 933w, https:\/\/eldiariodesanpedro.com.ar\/sitio\/wp-content\/uploads\/2023\/09\/Imagen-de-WhatsApp-2023-09-06-a-las-13.11.48-300x203.jpg 300w, https:\/\/eldiariodesanpedro.com.ar\/sitio\/wp-content\/uploads\/2023\/09\/Imagen-de-WhatsApp-2023-09-06-a-las-13.11.48-768x519.jpg 768w, https:\/\/eldiariodesanpedro.com.ar\/sitio\/wp-content\/uploads\/2023\/09\/Imagen-de-WhatsApp-2023-09-06-a-las-13.11.48-305x207.jpg 305w\" data-sizes=\"(max-width: 933px) 100vw, 933px\" src=\"data:image\/svg+xml;base64,PHN2ZyB3aWR0aD0iMSIgaGVpZ2h0PSIxIiB4bWxucz0iaHR0cDovL3d3dy53My5vcmcvMjAwMC9zdmciPjwvc3ZnPg==\" style=\"--smush-placeholder-width: 933px; --smush-placeholder-aspect-ratio: 933\/630;\" \/><\/figure>\n","protected":false},"excerpt":{"rendered":"<p>Con el fin de continuar la planificaci\u00f3n de decisiones, estrategias y acciones destinadas a concretar planes, programas y proyectos que mejoren la calidad educativa en nuestra ciudad, este martes por la ma\u00f1ana, el Intendente Municipal, Cecilio Salazar, junto al Secretario Coordinador de Educaci\u00f3n, Prof. Alan Ocampo, recibieron en el despacho oficial a la Jefa Regional [&hellip;]<\/p>\n","protected":false},"author":4,"featured_media":121998,"comment_status":"closed","ping_status":"closed","sticky":false,"template":"","format":"standard","meta":{"om_disable_all_campaigns":false,"_jetpack_memberships_contains_paid_content":false,"footnotes":""},"categories":[50,101,2],"tags":[],"class_list":["post-121997","post","type-post","status-publish","format-standard","has-post-thumbnail","hentry","category-destacadas","category-interes-general-locales","category-locales"],"aioseo_notices":[],"gutentor_comment":0,"jetpack_featured_media_url":"https:\/\/eldiariodesanpedro.com.ar\/sitio\/wp-content\/uploads\/2023\/09\/Imagen-de-WhatsApp-2023-09-06-a-las-13.11.44.jpg","jetpack_shortlink":"https:\/\/wp.me\/p6RhLt-vJH","jetpack_sharing_enabled":true,"_links":{"self":[{"href":"https:\/\/eldiariodesanpedro.com.ar\/sitio\/wp-json\/wp\/v2\/posts\/121997","targetHints":{"allow":["GET"]}}],"collection":[{"href":"https:\/\/eldiariodesanpedro.com.ar\/sitio\/wp-json\/wp\/v2\/posts"}],"about":[{"href":"https:\/\/eldiariodesanpedro.com.ar\/sitio\/wp-json\/wp\/v2\/types\/post"}],"author":[{"embeddable":true,"href":"https:\/\/eldiariodesanpedro.com.ar\/sitio\/wp-json\/wp\/v2\/users\/4"}],"replies":[{"embeddable":true,"href":"https:\/\/eldiariodesanpedro.com.ar\/sitio\/wp-json\/wp\/v2\/comments?post=121997"}],"version-history":[{"count":1,"href":"https:\/\/eldiariodesanpedro.com.ar\/sitio\/wp-json\/wp\/v2\/posts\/121997\/revisions"}],"predecessor-version":[{"id":122002,"href":"https:\/\/eldiariodesanpedro.com.ar\/sitio\/wp-json\/wp\/v2\/posts\/121997\/revisions\/122002"}],"wp:featuredmedia":[{"embeddable":true,"href":"https:\/\/eldiariodesanpedro.com.ar\/sitio\/wp-json\/wp\/v2\/media\/121998"}],"wp:attachment":[{"href":"https:\/\/eldiariodesanpedro.com.ar\/sitio\/wp-json\/wp\/v2\/media?parent=121997"}],"wp:term":[{"taxonomy":"category","embeddable":true,"href":"https:\/\/eldiariodesanpedro.com.ar\/sitio\/wp-json\/wp\/v2\/categories?post=121997"},{"taxonomy":"post_tag","embeddable":true,"href":"https:\/\/eldiariodesanpedro.com.ar\/sitio\/wp-json\/wp\/v2\/tags?post=121997"}],"curies":[{"name":"wp","href":"https:\/\/api.w.org\/{rel}","templated":true}]}}