{"id":12199,"date":"2016-12-30T19:44:05","date_gmt":"2016-12-30T22:44:05","guid":{"rendered":"https:\/\/eldiariodesanpedro.com.ar\/sitio\/?p=12199"},"modified":"2016-12-30T19:44:05","modified_gmt":"2016-12-30T22:44:05","slug":"francia-desplegaran-96-000-efectivos-para-prevenir-ataques-en-ano-nuevo","status":"publish","type":"post","link":"https:\/\/eldiariodesanpedro.com.ar\/sitio\/francia-desplegaran-96-000-efectivos-para-prevenir-ataques-en-ano-nuevo\/","title":{"rendered":"FRANCIA: Desplegar\u00e1n 96.000 efectivos para prevenir ataques en A\u00f1o Nuevo"},"content":{"rendered":"<p><!-- VideographyWP Plugin Message: Automatic video embedding prevented by plugin options. --><br \/>\n(Infobae) &#8211; El ministro del Interior explic\u00f3 que la amenaza terrorista \u201csigue siendo fuerte\u201d. Incluso habr\u00e1 helic\u00f3pteros sobrevolando \u201ctodos los lugares que acogen turistas\u201d.<\/p>\n<p>   El gobierno franc\u00e9s va a movilizar a m\u00e1s de 96.000 agentes de seguridad, entre polic\u00edas, gendarmes y militares, para vigilar los festejos para recibir el A\u00f1o Nuevo, indic\u00f3 este viernes el ministro del Interior, Bruno Le Roux.<\/p>\n<p>   Esas fuerzas se van a centrar en los lugares \u00abparticularmente concurridos\u00bb, se\u00f1al\u00f3 Le Roux a la prensa, durante un recorrido por el centro m\u00e1s tur\u00edstico de Par\u00eds, en torno al Museo del Louvre, en compa\u00f1\u00eda de su colega de Defensa, Jean-Yves Le Drian, con quien verific\u00f3 la coordinaci\u00f3n entre los diferentes cuerpos de seguridad.<\/p>\n<p>   El titular de Interior hizo hincapi\u00e9 en que las vacaciones escolares han permitido recolocar a los militares que vigilan los alrededores de las escuelas en estaciones, aeropuertos y, en general, \u00aben todos los lugares que acogen a turistas\u00bb.<\/p>\n<p>   En total, estar\u00e1n operativos 52.600 polic\u00edas, 36.000 gendarmes y 7.000 militares de la misi\u00f3n Sentinelle, que patrullan las calles, instituciones sensibles y centros estrat\u00e9gicos por todo el pa\u00eds.<\/p>\n<p>   Le Roux reconoci\u00f3 que la amenaza terrorista en Francia \u00absigue siendo fuerte\u00bb y lo ilustr\u00f3 con el atentado de Berl\u00edn del pasado d\u00eda 19, pero tambi\u00e9n con \u00ablos mensajes de los enemigos\u00bb.<\/p>\n<p>   El responsable franc\u00e9s de Interior no quiso entrar en detalles sobre el paso por Francia del presunto autor de ese atentado en la capital alemana antes de llegar a Italia, donde fue abatido por la polic\u00eda en Mil\u00e1n, con el argumento de que todav\u00eda se investigan posibles ramificaciones y complicidades.<\/p>\n<p>   \u00danicamente abord\u00f3 la pol\u00e9mica sobre la facilidad con la que Anis Amri \u2013aparentemente armado\u2013 viaj\u00f3 por varios pa\u00edses europeos despu\u00e9s del ataque perpetrado con un cami\u00f3n en un mercado de navidad de Berl\u00edn, para se\u00f1alar que desde que Francia restableci\u00f3 los controles en sus fronteras con otros pa\u00edses europeos, tras los atentados del 13 de noviembre de 2015 en Par\u00eds, se han llevado a cabo \u00ab84 millones de controles suplementarios\u00bb.<\/p>\n<p>   \u00abEso demuestra \u2013a\u00f1adi\u00f3\u2013 que en todas nuestras fronteras hay dispositivos particulares tanto para la lucha antiterrorista como para el control de las migraciones y el desmantelamiento de redes de traficantes\u00bb.<\/p>\n<p>   Las medidas de seguridad para Nochevieja tienen en cuenta algunas ense\u00f1anzas de atentados con camiones contra la multitud, como los cometidos en Niza el 14 de julio y el de Berl\u00edn del pasado d\u00eda 19.<\/p>\n<p>   Eso se ha traducido en la instalaci\u00f3n de \u00abelementos pasivos\u00bb, como veh\u00edculos o bloques de hormig\u00f3n \u2013en algunos casos decorados, como en Estrasburgo\u2013, en los posibles accesos de \u00e1reas peatonales de fuerte afluencia.<\/p>\n<p>   Para tener una visi\u00f3n de conjunto e intentar detectar situaciones anormales, habr\u00e1 helic\u00f3pteros, que sobrevolar\u00e1n las grandes aglomeraciones que se prev\u00e9n en la noche de A\u00f1o Nuevo, empezando por la avenida de los Campos El\u00edseos de Par\u00eds y sus alrededores, donde se esperan a unas 600.000 personas para observar los fuegos artificiales.<\/p>\n<p>   La Prefectura de Polic\u00eda de Par\u00eds ha previsto movilizar a cerca de 10.300 personas entre polic\u00edas, gendarmes, militares, bomberos y personal municipal para la seguridad de la capital francesa.<\/p>\n<p>   Eso incluye agentes de civil que circular\u00e1n de paisano para vigilar comportamientos sospechosos en zonas de fuertes concentraciones como los propios Campos El\u00edseos.<\/p>\n<p>   En la fiesta de A\u00f1o Nuevo de 2015, las autoridades organizaron un despliegue \u00abexcepcional\u00bb de m\u00e1s de 100.000 efectivos en toda Francia.<\/p>\n","protected":false},"excerpt":{"rendered":"<p>(Infobae) &#8211; El ministro del Interior explic\u00f3 que la amenaza terrorista \u201csigue siendo fuerte\u201d. Incluso habr\u00e1 helic\u00f3pteros sobrevolando \u201ctodos los lugares que acogen turistas\u201d. El gobierno franc\u00e9s va a movilizar a m\u00e1s de 96.000 agentes de seguridad, entre polic\u00edas, gendarmes y militares, para vigilar los festejos para recibir el A\u00f1o Nuevo, indic\u00f3 este viernes el [&hellip;]<\/p>\n","protected":false},"author":4,"featured_media":12200,"comment_status":"open","ping_status":"closed","sticky":false,"template":"","format":"standard","meta":{"om_disable_all_campaigns":false,"_jetpack_memberships_contains_paid_content":false,"footnotes":""},"categories":[2],"tags":[],"class_list":["post-12199","post","type-post","status-publish","format-standard","has-post-thumbnail","hentry","category-locales"],"aioseo_notices":[],"gutentor_comment":0,"jetpack_featured_media_url":"https:\/\/eldiariodesanpedro.com.ar\/sitio\/wp-content\/uploads\/2016\/12\/Francia.jpg","jetpack_shortlink":"https:\/\/wp.me\/p6RhLt-3aL","jetpack_sharing_enabled":true,"_links":{"self":[{"href":"https:\/\/eldiariodesanpedro.com.ar\/sitio\/wp-json\/wp\/v2\/posts\/12199","targetHints":{"allow":["GET"]}}],"collection":[{"href":"https:\/\/eldiariodesanpedro.com.ar\/sitio\/wp-json\/wp\/v2\/posts"}],"about":[{"href":"https:\/\/eldiariodesanpedro.com.ar\/sitio\/wp-json\/wp\/v2\/types\/post"}],"author":[{"embeddable":true,"href":"https:\/\/eldiariodesanpedro.com.ar\/sitio\/wp-json\/wp\/v2\/users\/4"}],"replies":[{"embeddable":true,"href":"https:\/\/eldiariodesanpedro.com.ar\/sitio\/wp-json\/wp\/v2\/comments?post=12199"}],"version-history":[{"count":1,"href":"https:\/\/eldiariodesanpedro.com.ar\/sitio\/wp-json\/wp\/v2\/posts\/12199\/revisions"}],"predecessor-version":[{"id":12201,"href":"https:\/\/eldiariodesanpedro.com.ar\/sitio\/wp-json\/wp\/v2\/posts\/12199\/revisions\/12201"}],"wp:featuredmedia":[{"embeddable":true,"href":"https:\/\/eldiariodesanpedro.com.ar\/sitio\/wp-json\/wp\/v2\/media\/12200"}],"wp:attachment":[{"href":"https:\/\/eldiariodesanpedro.com.ar\/sitio\/wp-json\/wp\/v2\/media?parent=12199"}],"wp:term":[{"taxonomy":"category","embeddable":true,"href":"https:\/\/eldiariodesanpedro.com.ar\/sitio\/wp-json\/wp\/v2\/categories?post=12199"},{"taxonomy":"post_tag","embeddable":true,"href":"https:\/\/eldiariodesanpedro.com.ar\/sitio\/wp-json\/wp\/v2\/tags?post=12199"}],"curies":[{"name":"wp","href":"https:\/\/api.w.org\/{rel}","templated":true}]}}